{"id":19578,"date":"2018-11-29T09:59:35","date_gmt":"2018-11-29T09:59:35","guid":{"rendered":"http:\/\/fram.is\/?p=19578"},"modified":"2018-11-29T09:59:35","modified_gmt":"2018-11-29T09:59:35","slug":"glaesilegur-arangur-a-islandsmoti-poomsae-um-helgina","status":"publish","type":"post","link":"https:\/\/fram.is\/is\/2018\/11\/29\/glaesilegur-arangur-a-islandsmoti-poomsae-um-helgina\/","title":{"rendered":"Gl\u00e6silegur \u00e1rangur \u00e1 \u00cdslandsm\u00f3ti \u00ed Poomsae um helgina"},"content":{"rendered":"<p>&nbsp;<\/p>\n<p><a href=\"http:\/\/fram.is\/is\/?attachment_id=19581\"><img fetchpriority=\"high\" decoding=\"async\" class=\"alignright size-medium wp-image-19581\" src=\"http:\/\/fram.is\/wp-content\/uploads\/2018\/11\/bjarki-\u00c1rmannsm\u00f3t-2018-291x300.jpg\" alt=\"\" width=\"291\" height=\"300\" \/><\/a><a href=\"http:\/\/fram.is\/is\/?attachment_id=19582\"><img decoding=\"async\" class=\"alignright size-medium wp-image-19582\" src=\"http:\/\/fram.is\/wp-content\/uploads\/2018\/11\/jenny-\u00c1rmannsm\u00f3t-2018-300x293.jpg\" alt=\"\" width=\"300\" height=\"293\" \/><\/a><a href=\"http:\/\/fram.is\/is\/?attachment_id=19580\"><img decoding=\"async\" class=\"alignright size-medium wp-image-19580\" src=\"http:\/\/fram.is\/wp-content\/uploads\/2018\/11\/bjarki-og-\u00feorsteinn-\u00c1rmannsm\u00f3t-2018-245x300.jpg\" alt=\"\" width=\"245\" height=\"300\" \/><\/a><a href=\"http:\/\/fram.is\/is\/?attachment_id=19579\"><img loading=\"lazy\" decoding=\"async\" class=\"alignright size-medium wp-image-19579\" src=\"http:\/\/fram.is\/wp-content\/uploads\/2018\/11\/anna-\u00c1rmannsm\u00f3t-n\u00f3v.-2018-300x225.jpg\" alt=\"\" width=\"300\" height=\"225\" \/><\/a><a href=\"http:\/\/fram.is\/is\/?attachment_id=19583\"><img loading=\"lazy\" decoding=\"async\" class=\"alignright size-medium wp-image-19583\" src=\"http:\/\/fram.is\/wp-content\/uploads\/2018\/11\/N\u00edna-og-bryndis-\u00c1rmannsm\u00f3t-2018--300x225.jpg\" alt=\"\" width=\"300\" height=\"225\" \/><\/a>\u00cdslandsm\u00f3ti\u00f0 \u00ed poomsae var haldi\u00f0 um helgina \u00ed herb\u00fa\u00f0um \u00c1rmanns \u00ed Laugardalnum. Poomsae er t\u00e6knilega hli\u00f0in \u00e1 Taekwondo og hefur Taekwondodeild Fram heldur betur veri\u00f0 a\u00f0 s\u00e6kja \u00ed sig ve\u00f0ri\u00f0 \u00ed \u00feessari grein \u00ed\u00fer\u00f3ttarinnar undanfarin misseri.<br \/>\n\u00c1 s\u00ed\u00f0asta \u00e1ri \u00e1tti deildin einn keppenda \u00ed \u00farvalsdeild og tvo keppendur \u00ed fyrstu deild \u00e1ri\u00f0 \u00fear \u00e1 undan. Fyrsta deildin er keppni \u00e1 me\u00f0al l\u00e6gri belta og \u00farvals deildin fyrir rau\u00f0 og sv\u00f6rt belti.<br \/>\nA\u00f0 \u00feessu sinni sl\u00f3 deildin \u00f6ll s\u00edn fyrri met var\u00f0andi fj\u00f6lda keppenda (og ver\u00f0launa) \u00e1 \u00cdslandsm\u00f3tinu \u00fear sem allir gjaldgengir i\u00f0kendur deildarinnar voru skr\u00e1\u00f0ir til leiks.<br \/>\nFram \u00e1tti \u00fev\u00ed sex keppendur \u00ed fyrstu deild og tvo \u00ed \u00farvalsdeild sem l\u00f6ndu\u00f0u samtals fj\u00f3rum \u00cdslandsmeistara titlum fyrir f\u00e9lagi\u00f0.<\/p>\n<p>\u00cd fyrstu deild var\u00f0 Gu\u00f0r\u00fan N\u00edna Petersen \u00cdslandsmeistari \u00ed flokki fullor\u00f0inna og hlaut Brynd\u00eds J\u00f3nsd\u00f3ttir bronsver\u00f0laun \u00ed sama flokki. \u00de\u00e6r st\u00f6llur n\u00e1\u00f0u svo bronsi \u00ed keppni para.<br \/>\n\u00cd junior flokki karla var\u00f0 Bjarki Kjartansson \u00cdslandsmeistari og hlaut \u00deorsteinn Bergmann bronsver\u00f0laun \u00ed sama flokki og hrepptu \u00feeir f\u00e9lagar brons \u00ed para keppninni.<br \/>\nAnna Jasmine n\u00e1\u00f0i einnig \u00cdslandsmeistara titli \u00ed parakeppni me\u00f0 st\u00falku \u00far KR og st\u00f3\u00f0 sig afar vel \u00ed einstaklings keppninni \u00fe\u00f3 \u00fea\u00f0 hafi ekki skila\u00f0 henni ver\u00f0launas\u00e6ti a\u00f0 \u00feessu sinni.<br \/>\nAuk \u00feeirra keppti Jenn\u00fd Mar\u00eda J\u00f3hannsd\u00f3ttir og st\u00f3\u00f0 sig fr\u00e1b\u00e6rlega \u00e1 s\u00ednu fyrsta keppnism\u00f3ti.<\/p>\n<p>\u00c1rangur \u00feessara Framara var svo fr\u00e1b\u00e6r a\u00f0 li\u00f0i\u00f0 var\u00f0 \u00ed efsta s\u00e6ti \u00ed fysrtu deildinni \u00e1samt Keflav\u00edk me\u00f0 heil 25 stig.<\/p>\n<p>\u00cd \u00farvalsdeildinni kepptu \u00feau Hulda Dagmar og R\u00fadolf R\u00fanarsson fyrir Fram og var\u00f0 Hulda \u00cdslandsmeistari \u00ed s\u00ednum flokki og R\u00fadolf hlaut brons. Saman hlutu \u00feau svo silfur \u00ed keppni para og skilu\u00f0u li\u00f0inu 12 stigum og 5. S\u00e6tinu.<\/p>\n<p>Deildin er afar stolt af s\u00ednu f\u00f3lki og \u00f3skar i\u00f0kendum, \u00fej\u00e1lfurum og \u00f6\u00f0rum er koma a\u00f0 starfinu innilega til hamingju me\u00f0 fr\u00e1b\u00e6ran \u00e1rangur.<\/p>\n<p>Taekwondodeild FRAM<\/p>","protected":false},"excerpt":{"rendered":"<p>&nbsp; \u00cdslandsm\u00f3ti\u00f0 \u00ed poomsae var haldi\u00f0 um helgina \u00ed herb\u00fa\u00f0um \u00c1rmanns \u00ed Laugardalnum. Poomsae er t\u00e6knilega hli\u00f0in \u00e1 Taekwondo og hefur Taekwondodeild Fram heldur betur veri\u00f0 a\u00f0 s\u00e6kja \u00ed sig [&hellip;]<\/p>","protected":false},"author":4,"featured_media":19587,"comment_status":"open","ping_status":"open","sticky":false,"template":"","format":"standard","meta":{"_monsterinsights_skip_tracking":false,"_monsterinsights_sitenote_active":false,"_monsterinsights_sitenote_note":"","_monsterinsights_sitenote_category":0,"_jetpack_memberships_contains_paid_content":false,"footnotes":""},"categories":[18],"tags":[],"class_list":["post-19578","post","type-post","status-publish","format-standard","has-post-thumbnail","hentry","category-taekwondo"],"jetpack_sharing_enabled":true,"jetpack_featured_media_url":"https:\/\/fram.is\/wp-content\/uploads\/2018\/11\/N\u00edna-og-bryndis-\u00c1rmannsm\u00f3t-2018-vefur-.jpg","_links":{"self":[{"href":"https:\/\/fram.is\/is\/wp-json\/wp\/v2\/posts\/19578","targetHints":{"allow":["GET"]}}],"collection":[{"href":"https:\/\/fram.is\/is\/wp-json\/wp\/v2\/posts"}],"about":[{"href":"https:\/\/fram.is\/is\/wp-json\/wp\/v2\/types\/post"}],"author":[{"embeddable":true,"href":"https:\/\/fram.is\/is\/wp-json\/wp\/v2\/users\/4"}],"replies":[{"embeddable":true,"href":"https:\/\/fram.is\/is\/wp-json\/wp\/v2\/comments?post=19578"}],"version-history":[{"count":0,"href":"https:\/\/fram.is\/is\/wp-json\/wp\/v2\/posts\/19578\/revisions"}],"wp:featuredmedia":[{"embeddable":true,"href":"https:\/\/fram.is\/is\/wp-json\/wp\/v2\/media\/19587"}],"wp:attachment":[{"href":"https:\/\/fram.is\/is\/wp-json\/wp\/v2\/media?parent=19578"}],"wp:term":[{"taxonomy":"category","embeddable":true,"href":"https:\/\/fram.is\/is\/wp-json\/wp\/v2\/categories?post=19578"},{"taxonomy":"post_tag","embeddable":true,"href":"https:\/\/fram.is\/is\/wp-json\/wp\/v2\/tags?post=19578"}],"curies":[{"name":"wp","href":"https:\/\/api.w.org\/{rel}","templated":true}]}}