{"id":19734,"date":"2018-12-20T09:58:03","date_gmt":"2018-12-20T09:58:03","guid":{"rendered":"http:\/\/fram.is\/?p=19734"},"modified":"2018-12-20T09:58:03","modified_gmt":"2018-12-20T09:58:03","slug":"viktor-gisli-valinn-i-landslid-islands-u19-karla","status":"publish","type":"post","link":"https:\/\/fram.is\/is\/2018\/12\/20\/viktor-gisli-valinn-i-landslid-islands-u19-karla\/","title":{"rendered":"Viktor G\u00edsli valinn \u00ed landsli\u00f0 \u00cdslands U19 karla"},"content":{"rendered":"<p><a href=\"http:\/\/fram.is\/is\/?attachment_id=19735\"><img fetchpriority=\"high\" decoding=\"async\" class=\"alignright size-medium wp-image-19735\" src=\"http:\/\/fram.is\/wp-content\/uploads\/2018\/12\/Viktor-gegn-Gr\u00f3ttu-300x300.jpg\" alt=\"\" width=\"300\" height=\"300\" \/><\/a>Heimir R\u00edkar\u00f0sson \u00fej\u00e1lfari 19 \u00e1ra landsli\u00f0s \u00cdslands karla hefur vali\u00f0 h\u00f3p fyrir Sparkassen Cup \u00ed \u00de\u00fdskalandi 26. \u2013 30. desember. Li\u00f0i\u00f0 \u00e6fir 20. \u2013 22. desember \u00e1 Reykjav\u00edkursv\u00e6\u00f0inu.<\/p>\n<p>Vi\u00f0 FRAMarar erum stoltir af \u00fev\u00ed a\u00f0 eiga Viktor G\u00edsla sem fulltr\u00faa okkar \u00ed landsli\u00f0i \u00cdslands U19.<\/p>\n<p>Viktor G\u00edsli Hallgr\u00edmsson\u00a0\u00a0\u00a0\u00a0\u00a0\u00a0\u00a0\u00a0\u00a0\u00a0\u00a0\u00a0\u00a0\u00a0\u00a0 FRAM<\/p>\n<p>Gangi \u00de\u00e9r vel Viktor G\u00edsli.<\/p>\n<p>\u00c1FRAM FRAM<\/p>","protected":false},"excerpt":{"rendered":"<p>Heimir R\u00edkar\u00f0sson \u00fej\u00e1lfari 19 \u00e1ra landsli\u00f0s \u00cdslands karla hefur vali\u00f0 h\u00f3p fyrir Sparkassen Cup \u00ed \u00de\u00fdskalandi 26. \u2013 30. desember. Li\u00f0i\u00f0 \u00e6fir 20. \u2013 22. desember \u00e1 Reykjav\u00edkursv\u00e6\u00f0inu. Vi\u00f0 FRAMarar [&hellip;]<\/p>","protected":false},"author":4,"featured_media":19736,"comment_status":"open","ping_status":"open","sticky":false,"template":"","format":"standard","meta":{"_monsterinsights_skip_tracking":false,"_monsterinsights_sitenote_active":false,"_monsterinsights_sitenote_note":"","_monsterinsights_sitenote_category":0,"_jetpack_memberships_contains_paid_content":false,"footnotes":""},"categories":[7,19],"tags":[],"class_list":["post-19734","post","type-post","status-publish","format-standard","has-post-thumbnail","hentry","category-yngri-flokkar","category-mfl-karla"],"jetpack_sharing_enabled":true,"jetpack_featured_media_url":"https:\/\/fram.is\/wp-content\/uploads\/2018\/12\/Viktor-gegn-Gr\u00f3ttu-vefur.jpg","_links":{"self":[{"href":"https:\/\/fram.is\/is\/wp-json\/wp\/v2\/posts\/19734","targetHints":{"allow":["GET"]}}],"collection":[{"href":"https:\/\/fram.is\/is\/wp-json\/wp\/v2\/posts"}],"about":[{"href":"https:\/\/fram.is\/is\/wp-json\/wp\/v2\/types\/post"}],"author":[{"embeddable":true,"href":"https:\/\/fram.is\/is\/wp-json\/wp\/v2\/users\/4"}],"replies":[{"embeddable":true,"href":"https:\/\/fram.is\/is\/wp-json\/wp\/v2\/comments?post=19734"}],"version-history":[{"count":0,"href":"https:\/\/fram.is\/is\/wp-json\/wp\/v2\/posts\/19734\/revisions"}],"wp:featuredmedia":[{"embeddable":true,"href":"https:\/\/fram.is\/is\/wp-json\/wp\/v2\/media\/19736"}],"wp:attachment":[{"href":"https:\/\/fram.is\/is\/wp-json\/wp\/v2\/media?parent=19734"}],"wp:term":[{"taxonomy":"category","embeddable":true,"href":"https:\/\/fram.is\/is\/wp-json\/wp\/v2\/categories?post=19734"},{"taxonomy":"post_tag","embeddable":true,"href":"https:\/\/fram.is\/is\/wp-json\/wp\/v2\/tags?post=19734"}],"curies":[{"name":"wp","href":"https:\/\/api.w.org\/{rel}","templated":true}]}}