{"id":1975,"date":"2013-02-07T13:27:39","date_gmt":"2013-02-07T13:27:39","guid":{"rendered":"http:\/\/fram.is\/?p=1975"},"modified":"2013-02-07T13:27:39","modified_gmt":"2013-02-07T13:27:39","slug":"bjarni-holm-til-lids-vid-fram","status":"publish","type":"post","link":"https:\/\/fram.is\/is\/2013\/02\/07\/bjarni-holm-til-lids-vid-fram\/","title":{"rendered":"Bjarni H\u00f3lm til li\u00f0s vi\u00f0 FRAM!"},"content":{"rendered":"<p><a href=\"http:\/\/fram.is\/wp-content\/uploads\/2013\/02\/IMG_0106A.jpg\"><img fetchpriority=\"high\" decoding=\"async\" class=\"alignleft size-medium wp-image-1976\" alt=\"IMG_0106A\" src=\"http:\/\/fram.is\/wp-content\/uploads\/2013\/02\/IMG_0106A-300x172.jpg\" width=\"300\" height=\"172\" \/><\/a>Bjarni H\u00f3lm A\u00f0alsteinsson skrifa\u00f0i \u00ed dag undir tveggja \u00e1ra samning vi\u00f0 knattspyrnudeild FRAM.\u00a0 Bjarni er 28 \u00e1ra varnarma\u00f0ur.\u00a0 Bjarni, sem er Sey\u00f0fir\u00f0ingur, er \u00f6llum hn\u00fatum kunnugur \u00ed Safam\u00fdrinni, en hann kom til FRAM 18 \u00e1ra a\u00f0 aldri \u00e1ri\u00f0 2002 og l\u00e9k me\u00f0 f\u00e9laginu um tveggja \u00e1ra skei\u00f0.\u00a0 Hann hefur einnig leiki\u00f0 me\u00f0 \u00cdBV og Keflav\u00edk \u00ed efstu deild h\u00e9r heima og var n\u00fa s\u00ed\u00f0ast sem atvinnuma\u00f0ur \u00ed Noregi.<br \/>\nBjarni H\u00f3lm hefur leiki\u00f0 14 leiki me\u00f0 yngri landsli\u00f0um \u00cdslands.<\/p>\n<p><i>\u201e\u00c9g er mj\u00f6g spenntur fyrir \u00fev\u00ed a\u00f0 leika me\u00f0 Fram \u00e1 n\u00fdjan leik,\u201c <\/i>sag\u00f0i Bjarni \u00feegar samningur haf\u00f0i veri\u00f0 undirrita\u00f0ur.\u00a0 <i>\u201e\u00dea\u00f0 er gaman a\u00f0 koma hinga\u00f0 aftur, mikill kraftur og metna\u00f0ur \u00ed f\u00e9laginu og \u00e9g vona a\u00f0 \u00e9g geti hj\u00e1lpa\u00f0 li\u00f0inu a\u00f0 n\u00e1 markmi\u00f0um s\u00ednum.\u201c<\/i><\/p>\n<p><i><\/i><i>\u201eBjarni er g\u00f3\u00f0 vi\u00f0b\u00f3t vi\u00f0 leikmannah\u00f3pinn okkar og vi\u00f0 erum \u00e1n\u00e6g\u00f0ir me\u00f0 a\u00f0 f\u00e1 hann til li\u00f0s vi\u00f0 okkur,\u201c <\/i>sag\u00f0i \u00deorvaldur \u00d6rlygsson, \u00fej\u00e1lfari FRAM.\u00a0 <i>\u201eVi\u00f0 \u00e6tlum okkur st\u00f3ra hluti \u00ed sumar, f\u00f6rum ekkert dult me\u00f0 \u00fea\u00f0, og \u00feessi styrking undirstrikar \u00feann metna\u00f0.\u201c<\/i><\/p>\n<p>\u00c1 myndinni eru fr\u00e1 vinstri Brynjar J\u00f3hannesson f.h. knattspyrnudeildar FRAM, Bjarni H\u00f3lm A\u00f0alsteinsson og \u00deorvaldur \u00d6rlygsson, \u00fej\u00e1lfari karlali\u00f0s FRAM \u00ed knattspyrnu.<\/p>","protected":false},"excerpt":{"rendered":"<p>Bjarni H\u00f3lm A\u00f0alsteinsson skrifa\u00f0i \u00ed dag undir tveggja \u00e1ra samning vi\u00f0 knattspyrnudeild FRAM.\u00a0 Bjarni er 28 \u00e1ra varnarma\u00f0ur.\u00a0 Bjarni, sem er Sey\u00f0fir\u00f0ingur, er \u00f6llum hn\u00fatum kunnugur \u00ed Safam\u00fdrinni, en hann [&hellip;]<\/p>","protected":false},"author":3,"featured_media":1976,"comment_status":"open","ping_status":"open","sticky":false,"template":"","format":"standard","meta":{"_monsterinsights_skip_tracking":false,"_monsterinsights_sitenote_active":false,"_monsterinsights_sitenote_note":"","_monsterinsights_sitenote_category":0,"_jetpack_memberships_contains_paid_content":false,"footnotes":""},"categories":[11,9],"tags":[],"class_list":["post-1975","post","type-post","status-publish","format-standard","has-post-thumbnail","hentry","category-mflkarla","category-fotbolti"],"jetpack_sharing_enabled":true,"jetpack_featured_media_url":"https:\/\/fram.is\/wp-content\/uploads\/2013\/02\/IMG_0106A.jpg","_links":{"self":[{"href":"https:\/\/fram.is\/is\/wp-json\/wp\/v2\/posts\/1975","targetHints":{"allow":["GET"]}}],"collection":[{"href":"https:\/\/fram.is\/is\/wp-json\/wp\/v2\/posts"}],"about":[{"href":"https:\/\/fram.is\/is\/wp-json\/wp\/v2\/types\/post"}],"author":[{"embeddable":true,"href":"https:\/\/fram.is\/is\/wp-json\/wp\/v2\/users\/3"}],"replies":[{"embeddable":true,"href":"https:\/\/fram.is\/is\/wp-json\/wp\/v2\/comments?post=1975"}],"version-history":[{"count":0,"href":"https:\/\/fram.is\/is\/wp-json\/wp\/v2\/posts\/1975\/revisions"}],"wp:featuredmedia":[{"embeddable":true,"href":"https:\/\/fram.is\/is\/wp-json\/wp\/v2\/media\/1976"}],"wp:attachment":[{"href":"https:\/\/fram.is\/is\/wp-json\/wp\/v2\/media?parent=1975"}],"wp:term":[{"taxonomy":"category","embeddable":true,"href":"https:\/\/fram.is\/is\/wp-json\/wp\/v2\/categories?post=1975"},{"taxonomy":"post_tag","embeddable":true,"href":"https:\/\/fram.is\/is\/wp-json\/wp\/v2\/tags?post=1975"}],"curies":[{"name":"wp","href":"https:\/\/api.w.org\/{rel}","templated":true}]}}