{"id":19759,"date":"2018-12-30T19:36:55","date_gmt":"2018-12-30T19:36:55","guid":{"rendered":"http:\/\/fram.is\/?p=19759"},"modified":"2018-12-30T19:36:55","modified_gmt":"2018-12-30T19:36:55","slug":"steinunn-bjornsdottir-var-i-dag-valinn-ithrottamadur-fram-2018","status":"publish","type":"post","link":"https:\/\/fram.is\/is\/2018\/12\/30\/steinunn-bjornsdottir-var-i-dag-valinn-ithrottamadur-fram-2018\/","title":{"rendered":"Steinunn Bj\u00f6rnsd\u00f3ttir var \u00ed dag valinn \u00a0\u00ed\u00fer\u00f3ttama\u00f0ur FRAM 2018"},"content":{"rendered":"<p><u><a href=\"http:\/\/fram.is\/is\/?attachment_id=19763\"><img fetchpriority=\"high\" decoding=\"async\" class=\"alignright size-medium wp-image-19763\" src=\"http:\/\/fram.is\/wp-content\/uploads\/2018\/12\/Steinunn-II-300x300.jpg\" alt=\"\" width=\"300\" height=\"300\" \/><\/a>Steinunn Bj\u00f6rnsd\u00f3ttir var \u00ed dag valinn \u00a0\u00ed\u00fer\u00f3ttama\u00f0ur\/kona FRAM 2018.<\/u><\/p>\n<p>Steinunn er f\u00e6dd \u00e1ri\u00f01991, er uppalin \u00ed FRAM \u00a0og spila\u00f0i upp alla yngri flokka Fram.<\/p>\n<p>Steinunn h\u00f3f a\u00f0 leika me\u00f0 meistaraflokki Fram veturinn 2009 \u2013 2010 og hefur n\u00fa leiki\u00f0 h\u00e1tt \u00ed 300 leiki me\u00f0 meistaraflokki Fram.<\/p>\n<p>Steinunn var \u00ed barneignarfr\u00ed fyrri part s\u00ed\u00f0asta keppnist\u00edmabil.\u00a0 H\u00fan \u00e1tti st\u00falku um mi\u00f0jan desember 2017, en h\u00fan var engu a\u00f0 s\u00ed\u00f0ur m\u00e6tt til leiks \u00ed fyrsta leik meistaraflokks eftir \u00e1ram\u00f3tin 2017\/2018, \u00feann 14. jan\u00faar.\u00a0 Steinunn hefur s\u00ed\u00f0an \u00fe\u00e1 varla misst \u00far leik me\u00f0 meistaraflokki og veri\u00f0 lykil leikma\u00f0ur \u00ed kvenna li\u00f0i FRAM sem var\u00f0 \u00cdslands- og bikarmeistari \u00e1ri\u00f0 2018.<\/p>\n<p>Steinunn hefur \u00e1tt s\u00e6ti \u00ed landsli\u00f0i \u00cdslands og \u00e1 a\u00f0 baki alls 23 landsleik.<\/p>\n<p>Steinunn er fyrirmyndarleikma\u00f0ur og FRAMari.\u00a0 Leggur sig alltaf 110% fram \u00e1 \u00e6fingum, \u00ed leikjum og dregur a\u00f0ra leikmenn me\u00f0 s\u00e9r.\u00a0 Leikma\u00f0ur sem gerir samherja s\u00edna a\u00f0 betri.<\/p>\n<p>Steinnunn er g\u00f3\u00f0ur fulltr\u00fai \u00feess fyrirmyndarh\u00f3ps leikmanna meistaraflokks kvenna hj\u00e1 Fram sem ur\u00f0u b\u00e6\u00f0i \u00cdslandsmeistarar og bikarmeistarar \u00e1 s\u00ed\u00f0asta vori.<\/p>\n<p>\u00deetta er \u00ed anna\u00f0 sinn sem Steinunn er valinn \u00ed\u00fer\u00f3ttama\u00f0ur\/kona FRAM en h\u00fan var einnig valinn \u00e1ri\u00f0 2016<\/p>\n<p>Til hamingju Steinunn Bj\u00f6rnsd\u00f3ttir<\/p>\n<p>\u00c1FRAM FRAM<\/p>\n<p>P.s Myndir \u00far h\u00f3finu \u00a0\u00ed dag er h\u00e6gt a\u00f0 sj\u00e1 \u00e1\u00a0 <a href=\"http:\/\/frammyndir.123.is\/pictures\/\" target=\"_blank\" rel=\"noopener\">http:\/\/frammyndir.123.is\/pictures\/<\/a><\/p>","protected":false},"excerpt":{"rendered":"<p>Steinunn Bj\u00f6rnsd\u00f3ttir var \u00ed dag valinn \u00a0\u00ed\u00fer\u00f3ttama\u00f0ur\/kona FRAM 2018. Steinunn er f\u00e6dd \u00e1ri\u00f01991, er uppalin \u00ed FRAM \u00a0og spila\u00f0i upp alla yngri flokka Fram. Steinunn h\u00f3f a\u00f0 leika me\u00f0 meistaraflokki [&hellip;]<\/p>","protected":false},"author":4,"featured_media":19764,"comment_status":"open","ping_status":"open","sticky":false,"template":"","format":"standard","meta":{"_monsterinsights_skip_tracking":false,"_monsterinsights_sitenote_active":false,"_monsterinsights_sitenote_note":"","_monsterinsights_sitenote_category":0,"_jetpack_memberships_contains_paid_content":false,"footnotes":""},"categories":[7,8,6,10,15,9,19,17,18,16],"tags":[],"class_list":["post-19759","post","type-post","status-publish","format-standard","has-post-thumbnail","hentry","category-yngri-flokkar","category-adalstjorn","category-handbolti","category-frettir","category-mfl-kvenna","category-fotbolti","category-mfl-karla","category-skidadeild","category-taekwondo","category-almenndeild"],"jetpack_sharing_enabled":true,"jetpack_featured_media_url":"https:\/\/fram.is\/wp-content\/uploads\/2018\/12\/Steinunn-III-vefur.jpg","_links":{"self":[{"href":"https:\/\/fram.is\/is\/wp-json\/wp\/v2\/posts\/19759","targetHints":{"allow":["GET"]}}],"collection":[{"href":"https:\/\/fram.is\/is\/wp-json\/wp\/v2\/posts"}],"about":[{"href":"https:\/\/fram.is\/is\/wp-json\/wp\/v2\/types\/post"}],"author":[{"embeddable":true,"href":"https:\/\/fram.is\/is\/wp-json\/wp\/v2\/users\/4"}],"replies":[{"embeddable":true,"href":"https:\/\/fram.is\/is\/wp-json\/wp\/v2\/comments?post=19759"}],"version-history":[{"count":0,"href":"https:\/\/fram.is\/is\/wp-json\/wp\/v2\/posts\/19759\/revisions"}],"wp:featuredmedia":[{"embeddable":true,"href":"https:\/\/fram.is\/is\/wp-json\/wp\/v2\/media\/19764"}],"wp:attachment":[{"href":"https:\/\/fram.is\/is\/wp-json\/wp\/v2\/media?parent=19759"}],"wp:term":[{"taxonomy":"category","embeddable":true,"href":"https:\/\/fram.is\/is\/wp-json\/wp\/v2\/categories?post=19759"},{"taxonomy":"post_tag","embeddable":true,"href":"https:\/\/fram.is\/is\/wp-json\/wp\/v2\/tags?post=19759"}],"curies":[{"name":"wp","href":"https:\/\/api.w.org\/{rel}","templated":true}]}}