{"id":1982,"date":"2013-02-08T14:06:29","date_gmt":"2013-02-08T14:06:29","guid":{"rendered":"http:\/\/fram.is\/?p=1982"},"modified":"2013-02-08T14:06:29","modified_gmt":"2013-02-08T14:06:29","slug":"framstulkur-maeta-hkvikingi-i-kvold","status":"publish","type":"post","link":"https:\/\/fram.is\/is\/2013\/02\/08\/framstulkur-maeta-hkvikingi-i-kvold\/","title":{"rendered":"FRAMst\u00falkur m\u00e6ta HK\/V\u00edkingi \u00ed kv\u00f6ld"},"content":{"rendered":"<p><a href=\"http:\/\/fram.is\/wp-content\/uploads\/2013\/02\/FRAM-VikingurHK2012b.jpg\"><img fetchpriority=\"high\" decoding=\"async\" class=\"alignleft size-medium wp-image-1983\" alt=\"FRAM-VikingurHK2012b\" src=\"http:\/\/fram.is\/wp-content\/uploads\/2013\/02\/FRAM-VikingurHK2012b-300x199.jpg\" width=\"300\" height=\"199\" \/><\/a>FRAM m\u00e6tir HK\/V\u00edkingi \u00ed Reykjav\u00edkurm\u00f3ti kvenna \u00ed knattspyrnu \u00ed Egilsh\u00f6ll klukkan 19 \u00ed kv\u00f6ld. \u00a0Fram situr \u00ed ne\u00f0sta s\u00e6ti ri\u00f0ilsins, \u00e1n stiga eftir \u00ferj\u00e1r umfer\u00f0ir, en HK\/V\u00edkingur er \u00ed fj\u00f3r\u00f0a s\u00e6ti me\u00f0 fj\u00f6gur stig.<\/p>\n<p>\u00der\u00e1tt fyrir marka- og stigaskort \u00ed fyrstu \u00feremur leikjum Reykjav\u00edkurm\u00f3tsins \u00feykir hi\u00f0 unga og efnilega li\u00f0 FRAM hafa s\u00fdnt \u00e1g\u00e6ta tilbur\u00f0i og bar\u00e1ttuanda. \u00a0HK\/V\u00edkingur, sem var\u00f0 \u00ed \u00f6\u00f0ru s\u00e6ti B-ri\u00f0ils 1.deildarinnar \u00e1 s\u00ed\u00f0ustu leikt\u00ed\u00f0 og lauk leik t\u00f3lf stigum \u00e1 eftir toppli\u00f0i FRAM, ger\u00f0i jafntefli vi\u00f0 \u00der\u00f3tt \u00ed s\u00ed\u00f0ustu umfer\u00f0 Reykjav\u00edkurm\u00f3tsins, 1-1, og vann Fj\u00f6lni \u00ed fyrstu umfer\u00f0inni 4-0.<\/p>\n<p>Flauta\u00f0 ver\u00f0ur til leiks \u00ed Egilsh\u00f6llinni klukkan 19 \u00ed kv\u00f6ld og hvetjum vi\u00f0 FRAMara til a\u00f0 m\u00e6ta \u00e1 sv\u00e6\u00f0i\u00f0 og hvetja st\u00falkurnar til d\u00e1\u00f0a.<\/p>","protected":false},"excerpt":{"rendered":"<p>FRAM m\u00e6tir HK\/V\u00edkingi \u00ed Reykjav\u00edkurm\u00f3ti kvenna \u00ed knattspyrnu \u00ed Egilsh\u00f6ll klukkan 19 \u00ed kv\u00f6ld. \u00a0Fram situr \u00ed ne\u00f0sta s\u00e6ti ri\u00f0ilsins, \u00e1n stiga eftir \u00ferj\u00e1r umfer\u00f0ir, en HK\/V\u00edkingur er \u00ed fj\u00f3r\u00f0a [&hellip;]<\/p>","protected":false},"author":3,"featured_media":1983,"comment_status":"open","ping_status":"open","sticky":false,"template":"","format":"standard","meta":{"_monsterinsights_skip_tracking":false,"_monsterinsights_sitenote_active":false,"_monsterinsights_sitenote_note":"","_monsterinsights_sitenote_category":0,"_jetpack_memberships_contains_paid_content":false,"footnotes":""},"categories":[12,9],"tags":[],"class_list":["post-1982","post","type-post","status-publish","format-standard","has-post-thumbnail","hentry","category-mflkvenna","category-fotbolti"],"jetpack_sharing_enabled":true,"jetpack_featured_media_url":"https:\/\/fram.is\/wp-content\/uploads\/2013\/02\/FRAM-VikingurHK2012b.jpg","_links":{"self":[{"href":"https:\/\/fram.is\/is\/wp-json\/wp\/v2\/posts\/1982","targetHints":{"allow":["GET"]}}],"collection":[{"href":"https:\/\/fram.is\/is\/wp-json\/wp\/v2\/posts"}],"about":[{"href":"https:\/\/fram.is\/is\/wp-json\/wp\/v2\/types\/post"}],"author":[{"embeddable":true,"href":"https:\/\/fram.is\/is\/wp-json\/wp\/v2\/users\/3"}],"replies":[{"embeddable":true,"href":"https:\/\/fram.is\/is\/wp-json\/wp\/v2\/comments?post=1982"}],"version-history":[{"count":0,"href":"https:\/\/fram.is\/is\/wp-json\/wp\/v2\/posts\/1982\/revisions"}],"wp:featuredmedia":[{"embeddable":true,"href":"https:\/\/fram.is\/is\/wp-json\/wp\/v2\/media\/1983"}],"wp:attachment":[{"href":"https:\/\/fram.is\/is\/wp-json\/wp\/v2\/media?parent=1982"}],"wp:term":[{"taxonomy":"category","embeddable":true,"href":"https:\/\/fram.is\/is\/wp-json\/wp\/v2\/categories?post=1982"},{"taxonomy":"post_tag","embeddable":true,"href":"https:\/\/fram.is\/is\/wp-json\/wp\/v2\/tags?post=1982"}],"curies":[{"name":"wp","href":"https:\/\/api.w.org\/{rel}","templated":true}]}}