{"id":20038,"date":"2019-02-27T09:13:32","date_gmt":"2019-02-27T09:13:32","guid":{"rendered":"http:\/\/fram.is\/?p=20038"},"modified":"2019-02-27T09:13:32","modified_gmt":"2019-02-27T09:13:32","slug":"sigur-i-gardabae","status":"publish","type":"post","link":"https:\/\/fram.is\/is\/2019\/02\/27\/sigur-i-gardabae\/","title":{"rendered":"Sigur \u00ed Gar\u00f0ab\u00e6"},"content":{"rendered":"<p><a href=\"http:\/\/fram.is\/is\/2016\/11\/handknattleiksdeild-fram-endurnyjar-og-framlengir-samninga-vid-leikmenn\/ragnheidur-gegn-haukum\/\"><img fetchpriority=\"high\" decoding=\"async\" class=\"alignright size-medium wp-image-14532\" src=\"http:\/\/fram.is\/wp-content\/uploads\/2016\/11\/Ragnheidur-gegn-Haukum-300x200.jpg\" alt=\"\" width=\"300\" height=\"200\" \/><\/a>\u00cd g\u00e6rkv\u00f6ldi skellti meistaraflokkur Fram s\u00e9r \u00ed Gar\u00f0ab\u00e6in til a\u00f0 leika vi\u00f0 Stj\u00f6rnuna \u00ed 17. umfer\u00f0 OL\u00cdS deildar kvenna.<\/p>\n<p>Fram lenti flj\u00f3tlega undir \u00ed leiknum og var a\u00f0 elta forskot Stj\u00f6rnunnar sem var a\u00f0 v\u00edsu yfirleitt ekki nema 1 \u2013 2 m\u00f6rk.\u00a0 Upp \u00far mi\u00f0jum h\u00e1lfleiknum var sta\u00f0an 11 \u2013 11.\u00a0 Stjarnan seig aftur fram\u00far og haf\u00f0i yfir 17 \u2013 15 \u00ed h\u00e1lfleik.<br \/>\nHeldur miki\u00f0 a\u00f0 f\u00e1 \u00e1 sig 17 m\u00f6rk \u00ed einum h\u00e1lfleik.<\/p>\n<p>S\u00ed\u00f0ari h\u00e1lfleikur byrja\u00f0i miki\u00f0 betur.\u00a0 V\u00f6rnin a\u00f0 standa betur.\u00a0 Stjarnan ger\u00f0i bara 5 m\u00f6rk \u00e1 fyrstu 20 m\u00edn\u00fatum \u00ed seinni h\u00e1lfleik me\u00f0an Fram ger\u00f0i 10 m\u00f6rk og sta\u00f0an \u00fev\u00ed or\u00f0in 22 \u2013 25 fyrir Fram.\u00a0 Stjarnan ger\u00f0i s\u00ed\u00f0an \u00e1hlaup undir lok leiks en Fram st\u00f3\u00f0 \u00fea\u00f0 af s\u00e9r og sigra\u00f0i me\u00f0 einu marki 28 \u2013 29.<\/p>\n<p>Varnarlega var \u00feessi leikur svart og hv\u00edtt milli fyrri og seinni h\u00e1lfleiks.\u00a0 V\u00f6rnin mun betri \u00ed \u00feeim seinni og f\u00e9kk \u00fe\u00e1 bara \u00e1 sig 11 m\u00f6rk.<\/p>\n<p>S\u00f3knarlega gekk ekkert of vel.\u00a0 Fram skora\u00f0i miki\u00f0 \u00far hr\u00f6\u00f0um upphlaupum og hra\u00f0ri mi\u00f0ju.\u00a0 En uppstillt s\u00f3kn hefur oft gengi\u00f0 betur.<\/p>\n<p>Markvarslan var \u00feokkaleg.\u00a0 Erla R\u00f3s var me\u00f0 6 skot varin og Sara Sif 7 skot varin.<\/p>\n<p>\u00cd heild mj\u00f6g g\u00f3\u00f0 tv\u00f6 stig \u00ed bar\u00e1ttunni \u00ed deildinni en ekki okkar besti dagur.\u00a0 En sigur er sigur og \u00fev\u00ed ber a\u00f0 fagna.<\/p>\n<p>M\u00f6rk Fram skoru\u00f0u:\u00a0\u00a0\u00a0\u00a0\u00a0 Ragnhei\u00f0ur 9, Steinunn 5, Karen 5, \u00de\u00f3rey R\u00f3sa 4, Hildur 3, Unnur 2 og Elva \u00de\u00f3ra 1.<\/p>\n<p>N\u00e6sti leikur er s\u00ed\u00f0an aftur leikur vi\u00f0 Stj\u00f6rnuna, \u00feann 7. mars n.k. \u00ed undan\u00farslitum \u00ed bikarkeppni HS\u00cd, \u00fear \u00feurfa allir Framarar a\u00f0 m\u00e6ta<\/p>\n<p>\u00c1fram Fram<\/p>","protected":false},"excerpt":{"rendered":"<p>\u00cd g\u00e6rkv\u00f6ldi skellti meistaraflokkur Fram s\u00e9r \u00ed Gar\u00f0ab\u00e6in til a\u00f0 leika vi\u00f0 Stj\u00f6rnuna \u00ed 17. umfer\u00f0 OL\u00cdS deildar kvenna. Fram lenti flj\u00f3tlega undir \u00ed leiknum og var a\u00f0 elta forskot [&hellip;]<\/p>","protected":false},"author":4,"featured_media":19418,"comment_status":"open","ping_status":"open","sticky":false,"template":"","format":"standard","meta":{"_monsterinsights_skip_tracking":false,"_monsterinsights_sitenote_active":false,"_monsterinsights_sitenote_note":"","_monsterinsights_sitenote_category":0,"_jetpack_memberships_contains_paid_content":false,"footnotes":""},"categories":[6,15],"tags":[],"class_list":["post-20038","post","type-post","status-publish","format-standard","has-post-thumbnail","hentry","category-handbolti","category-mfl-kvenna"],"jetpack_sharing_enabled":true,"jetpack_featured_media_url":"https:\/\/fram.is\/wp-content\/uploads\/2018\/11\/Steinunn-gegn-\u00cdBV-vefur.jpg","_links":{"self":[{"href":"https:\/\/fram.is\/is\/wp-json\/wp\/v2\/posts\/20038","targetHints":{"allow":["GET"]}}],"collection":[{"href":"https:\/\/fram.is\/is\/wp-json\/wp\/v2\/posts"}],"about":[{"href":"https:\/\/fram.is\/is\/wp-json\/wp\/v2\/types\/post"}],"author":[{"embeddable":true,"href":"https:\/\/fram.is\/is\/wp-json\/wp\/v2\/users\/4"}],"replies":[{"embeddable":true,"href":"https:\/\/fram.is\/is\/wp-json\/wp\/v2\/comments?post=20038"}],"version-history":[{"count":0,"href":"https:\/\/fram.is\/is\/wp-json\/wp\/v2\/posts\/20038\/revisions"}],"wp:featuredmedia":[{"embeddable":true,"href":"https:\/\/fram.is\/is\/wp-json\/wp\/v2\/media\/19418"}],"wp:attachment":[{"href":"https:\/\/fram.is\/is\/wp-json\/wp\/v2\/media?parent=20038"}],"wp:term":[{"taxonomy":"category","embeddable":true,"href":"https:\/\/fram.is\/is\/wp-json\/wp\/v2\/categories?post=20038"},{"taxonomy":"post_tag","embeddable":true,"href":"https:\/\/fram.is\/is\/wp-json\/wp\/v2\/tags?post=20038"}],"curies":[{"name":"wp","href":"https:\/\/api.w.org\/{rel}","templated":true}]}}