{"id":20044,"date":"2019-02-28T22:14:40","date_gmt":"2019-02-28T22:14:40","guid":{"rendered":"http:\/\/fram.is\/?p=20044"},"modified":"2019-02-28T22:14:40","modified_gmt":"2019-02-28T22:14:40","slug":"saetur-sigur-i-olisdeild-karla","status":"publish","type":"post","link":"https:\/\/fram.is\/is\/2019\/02\/28\/saetur-sigur-i-olisdeild-karla\/","title":{"rendered":"S\u00e6tur sigur \u00ed Ol\u00edsdeild karla"},"content":{"rendered":"<p><a href=\"http:\/\/fram.is\/is\/2018\/12\/viktor-gisli-valinn-i-landslid-islands-u19-karla\/viktor-gegn-grottu-3\/\"><img fetchpriority=\"high\" decoding=\"async\" class=\"alignright size-medium wp-image-19735\" src=\"http:\/\/fram.is\/wp-content\/uploads\/2018\/12\/Viktor-gegn-Gr\u00f3ttu-300x300.jpg\" alt=\"\" width=\"300\" height=\"300\" \/><\/a>Str\u00e1karnir okkar \u00ed handboltanum l\u00e9ku gr\u00ed\u00f0arlega mikilv\u00e6gan leik gegn Gr\u00f3ttu \u00ed Ol\u00edsdeildinni \u00ed kv\u00f6ld.\u00a0 \u00dea\u00f0 var vel m\u00e6tt af okkar f\u00f3lki, gaman a\u00f0 sj\u00e1 \u00feegar stu\u00f0ningsmenn svara kallinum og fj\u00f6lmenna til a\u00f0 sty\u00f0ja sitt li\u00f0.\u00a0 Bullandi stu\u00f0ningur fr\u00e1 fyrstu m\u00edn\u00fatu og stu\u00f0ningur allan t\u00edmann, vel gert FRAMarar.<\/p>\n<p>Leikurinn byrja\u00f0i vel og var fyrri h\u00e1lfleikur bara nokku\u00f0 g\u00f3\u00f0ur, vi\u00f0 t\u00f3ku strax frumkv\u00e6\u00f0i\u00f0, l\u00e9kum sterka v\u00f6rn \u00e1samt \u00fev\u00ed a\u00f0 Viktor var a\u00f0 verja vel.\u00a0 S\u00f3knarlega gekk ekkert s\u00e9rlega vel a\u00f0 n\u00fdta f\u00e6rin og vi\u00f0 p\u00ednu klaufar.\u00a0 Sta\u00f0an eftir 15 m\u00edn. 5-6.<br \/>\nVi\u00f0 l\u00e9kum svo vel \u00fat h\u00e1lfleikinn, v\u00f6rn, markvarsla og s\u00f3knarleikur a\u00f0 ganga vel og sjaldan sem vi\u00f0 sj\u00e1um alla \u00feessa \u00fe\u00e6tti vinna saman \u00ed okkar leik. \u00deetta skila\u00f0i auknu forskoti og sta\u00f0an \u00ed h\u00e1lfleik 8-13.<br \/>\nToggi og Viktor mj\u00f6g flottir \u00ed \u00feessum h\u00e1lfleik.<\/p>\n<p>S\u00ed\u00f0ari h\u00e1lfleikur byrja\u00f0i bara vel, vi\u00f0 b\u00e6ttum \u00ed og sta\u00f0an eftir 40 m\u00edn. 12-18.\u00a0 Svo kom vondur kafli og vi\u00f0 skoru\u00f0um ekki \u00ed c.a 10-12 m\u00edn. og kominn skj\u00e1lfti \u00ed stu\u00f0ningsmenn okkar.\u00a0 En str\u00e1karnir risu aftur upp, m\u00f6rkin f\u00f3ru a\u00f0 detta og \u00f6ruggur sigur \u00ed h\u00f6fn. Lokat\u00f6lur 18-24. Kl\u00e1ru\u00f0um leikinn me\u00f0 s\u00f3ma.<\/p>\n<p>Margt gott um \u00feennan leik a\u00f0 segja, varnarleikur okkar g\u00f3\u00f0ur allan leikinn, Siggi, Svavar og \u00c6gir mj\u00f6g g\u00f3\u00f0ir.\u00a0 S\u00f3knarlega vorum vi\u00f0 g\u00f3\u00f0ir \u00e1 k\u00f6flun, \u00feegar vi\u00f0 stilltum upp, spilu\u00f0um kerfin af yfirvegun og ger\u00f0um svo \u00e1r\u00e1sir, \u00fe\u00e1 gekk vel. En \u00fev\u00ed mi\u00f0ur erum vi\u00f0 of oft a\u00f0 fl\u00fdta okkur og taka rangar \u00e1kvar\u00f0anir, \u00feetta \u00feurfum vi\u00f0 a\u00f0 laga. \u00dearna erum vi\u00f0 sj\u00e1lfum okkur verstir.<br \/>\nViktor G\u00edsli var fr\u00e1b\u00e6r \u00ed kv\u00f6ld, h\u00e9lt okkur inni \u00ed \u00feessum leik og var\u00f0i bara gr\u00ed\u00f0arlega vel.\u00a0 \u00a0Gaman a\u00f0 sj\u00e1 drenginn spila svona vel og \u00feurfum meira af \u00feessu Viktor.<\/p>\n<p>Virkilega vel gert drengir og \u00fea\u00f0 var gaman \u00e1 nesinu \u00ed kv\u00f6ld, n\u00e6sti leikur ver\u00f0ur heima 17. mars. En \u00feanga\u00f0 til \u00e6tlum vi\u00f0 a\u00f0 setja alla okkar orku \u00ed a\u00f0 sty\u00f0ja stelpurnar \u00ed bikarnum. \u00a0Sj\u00e1umst \u00ed H\u00f6linni.<\/p>\n<p>Vel gert FRAMarar, stu\u00f0ningsmenn og leikmenn.<\/p>\n<p>\u00c1FRAM FRAM<\/p>","protected":false},"excerpt":{"rendered":"<p>Str\u00e1karnir okkar \u00ed handboltanum l\u00e9ku gr\u00ed\u00f0arlega mikilv\u00e6gan leik gegn Gr\u00f3ttu \u00ed Ol\u00edsdeildinni \u00ed kv\u00f6ld.\u00a0 \u00dea\u00f0 var vel m\u00e6tt af okkar f\u00f3lki, gaman a\u00f0 sj\u00e1 \u00feegar stu\u00f0ningsmenn svara kallinum og fj\u00f6lmenna [&hellip;]<\/p>","protected":false},"author":4,"featured_media":20045,"comment_status":"open","ping_status":"open","sticky":false,"template":"","format":"standard","meta":{"_monsterinsights_skip_tracking":false,"_monsterinsights_sitenote_active":false,"_monsterinsights_sitenote_note":"","_monsterinsights_sitenote_category":0,"_jetpack_memberships_contains_paid_content":false,"footnotes":""},"categories":[6,19],"tags":[],"class_list":["post-20044","post","type-post","status-publish","format-standard","has-post-thumbnail","hentry","category-handbolti","category-mfl-karla"],"jetpack_sharing_enabled":true,"jetpack_featured_media_url":"https:\/\/fram.is\/wp-content\/uploads\/2019\/02\/Sigurvegarar-vefur.jpg","_links":{"self":[{"href":"https:\/\/fram.is\/is\/wp-json\/wp\/v2\/posts\/20044","targetHints":{"allow":["GET"]}}],"collection":[{"href":"https:\/\/fram.is\/is\/wp-json\/wp\/v2\/posts"}],"about":[{"href":"https:\/\/fram.is\/is\/wp-json\/wp\/v2\/types\/post"}],"author":[{"embeddable":true,"href":"https:\/\/fram.is\/is\/wp-json\/wp\/v2\/users\/4"}],"replies":[{"embeddable":true,"href":"https:\/\/fram.is\/is\/wp-json\/wp\/v2\/comments?post=20044"}],"version-history":[{"count":0,"href":"https:\/\/fram.is\/is\/wp-json\/wp\/v2\/posts\/20044\/revisions"}],"wp:featuredmedia":[{"embeddable":true,"href":"https:\/\/fram.is\/is\/wp-json\/wp\/v2\/media\/20045"}],"wp:attachment":[{"href":"https:\/\/fram.is\/is\/wp-json\/wp\/v2\/media?parent=20044"}],"wp:term":[{"taxonomy":"category","embeddable":true,"href":"https:\/\/fram.is\/is\/wp-json\/wp\/v2\/categories?post=20044"},{"taxonomy":"post_tag","embeddable":true,"href":"https:\/\/fram.is\/is\/wp-json\/wp\/v2\/tags?post=20044"}],"curies":[{"name":"wp","href":"https:\/\/api.w.org\/{rel}","templated":true}]}}