{"id":20177,"date":"2019-03-17T20:46:59","date_gmt":"2019-03-17T20:46:59","guid":{"rendered":"http:\/\/fram.is\/?p=20177"},"modified":"2019-03-17T20:46:59","modified_gmt":"2019-03-17T20:46:59","slug":"tap-a-heimavelli-i-olisdeild-karla-5","status":"publish","type":"post","link":"https:\/\/fram.is\/is\/2019\/03\/17\/tap-a-heimavelli-i-olisdeild-karla-5\/","title":{"rendered":"Tap \u00e1 heimavelli \u00ed Ol\u00edsdeild karla"},"content":{"rendered":"<p><a href=\"http:\/\/fram.is\/is\/?attachment_id=20178\"><img fetchpriority=\"high\" decoding=\"async\" class=\"alignright size-large wp-image-20178\" src=\"http:\/\/fram.is\/wp-content\/uploads\/2019\/03\/FRAM-Stjarnan-1024x768.jpg\" alt=\"\" width=\"460\" height=\"345\" \/><\/a>Str\u00e1karnir okkar \u00ed handboltanum fengum Stj\u00f6rnuna \u00ed heims\u00f3kn \u00ed Safam\u00fdrina \u00ed dag, gr\u00ed\u00f0arlega mikilv\u00e6gur leikur fyrir b\u00e6\u00f0i li\u00f0 sem eru a\u00f0 berjast \u00ed ne\u00f0ri hluta deildarinnar.\u00a0 Vi\u00f0 \u00feurftum nau\u00f0synlega \u00e1 \u00feessum stigum a\u00f0 halda og sl\u00edta okkur \u00fear me\u00f0 a\u00f0eins fr\u00e1 botni deildarinnar.\u00a0 \u00dea\u00f0 var vel m\u00e6tt \u00e1 leikinn og stu\u00f0ningur vi\u00f0 str\u00e1kana til fyrirmyndar.<\/p>\n<p>Leikurinn \u00ed dag byrja\u00f0i ekki vel, vi\u00f0 ekki alveg kl\u00e1rir \u00ed slaginn a\u00f0 m\u00e9r fannst.\u00a0 \u00dea\u00f0 var d\u00e1l\u00edt\u00f0 saga \u00feessa leiks, vi\u00f0 n\u00e1\u00f0um okkur bara ekki \u00e1 strik.\u00a0 Leikur okkar frekar sveiflukenndur, varnarlega voru vi\u00f0 \u00ed lagi a\u00f0 mestu \u00fe\u00f3 vanta\u00f0i meiri \u00e1kef\u00f0. S\u00f3knarlega vorum slakir \u00ed byrjun en n\u00e1\u00f0um \u00e1g\u00e6tum kafla sem skila\u00f0i okkur aftur inn \u00ed leikinn en h\u00e9ldum ekki \u00fat.\u00a0 Viktor f\u00ednn \u00ed markinu.\u00a0 Sta\u00f0an \u00ed h\u00e1lfleik 10-14.<\/p>\n<p>Lj\u00f3st a\u00f0 vi\u00f0 \u00feyrftum a\u00f0 gera betur \u00ed \u00feeim s\u00ed\u00f0ari.<\/p>\n<p>\u00dea\u00f0 gekk ekki eftir, vi\u00f0 vorum d\u00e1l\u00edti\u00f0 \u00e1 \u00feessum n\u00f3tum allan leikinn, n\u00e1\u00f0um ekki a\u00f0 l\u00e1ta okkar leik smella saman, \u00fea\u00f0 komu kaflar og kaflar en n\u00e1\u00f0um aldrei a\u00f0 tengja g\u00f3\u00f0 kafla saman og \u00feeir voru \u00ed raun ekki margir.\u00a0 Vi\u00f0 voru sem s\u00e9 alltaf a\u00f0 elta og n\u00e1\u00f0um ekki a\u00f0 gera \u00feennan leik spennandi. Vorum undir 4-6 m\u00f6rk allan s\u00ed\u00f0ari h\u00e1lfleik og ni\u00f0ursta\u00f0an 24-29 tap.<\/p>\n<p>Viktor G\u00edsli st\u00f3\u00f0 upp \u00far \u00ed \u00feessum leik, a\u00f0rir leikmenn voru \u00fev\u00ed mi\u00f0ur ekki \u00e1 pari \u00ed dag, \u00feurfum a\u00f0 spila betur ef vi\u00f0 \u00e6tlum a\u00f0 vinna leiki.\u00a0 \u00deurfum toppframlag fr\u00e1 \u00f6llum ef \u00fea\u00f0 \u00e1 a\u00f0 takast, \u00feurfum a\u00f0 n\u00e1 \u00fev\u00ed \u00ed n\u00e6sta leik.\u00a0 N\u00e6sti leikur er eftir sl\u00e9tta viku gegn \u00cdR \u00ed Austubergi. Sj\u00e1umst \u00ed Brei\u00f0holtinu.<\/p>\n<p>\u00c1FRAM FRAM<\/p>","protected":false},"excerpt":{"rendered":"<p>Str\u00e1karnir okkar \u00ed handboltanum fengum Stj\u00f6rnuna \u00ed heims\u00f3kn \u00ed Safam\u00fdrina \u00ed dag, gr\u00ed\u00f0arlega mikilv\u00e6gur leikur fyrir b\u00e6\u00f0i li\u00f0 sem eru a\u00f0 berjast \u00ed ne\u00f0ri hluta deildarinnar.\u00a0 Vi\u00f0 \u00feurftum nau\u00f0synlega \u00e1 [&hellip;]<\/p>","protected":false},"author":4,"featured_media":19911,"comment_status":"open","ping_status":"open","sticky":false,"template":"","format":"standard","meta":{"_monsterinsights_skip_tracking":false,"_monsterinsights_sitenote_active":false,"_monsterinsights_sitenote_note":"","_monsterinsights_sitenote_category":0,"_jetpack_memberships_contains_paid_content":false,"footnotes":""},"categories":[6,19],"tags":[],"class_list":["post-20177","post","type-post","status-publish","format-standard","has-post-thumbnail","hentry","category-handbolti","category-mfl-karla"],"jetpack_sharing_enabled":true,"jetpack_featured_media_url":"https:\/\/fram.is\/wp-content\/uploads\/2019\/02\/Viktor-g\u00edsli-vefur.jpg","_links":{"self":[{"href":"https:\/\/fram.is\/is\/wp-json\/wp\/v2\/posts\/20177","targetHints":{"allow":["GET"]}}],"collection":[{"href":"https:\/\/fram.is\/is\/wp-json\/wp\/v2\/posts"}],"about":[{"href":"https:\/\/fram.is\/is\/wp-json\/wp\/v2\/types\/post"}],"author":[{"embeddable":true,"href":"https:\/\/fram.is\/is\/wp-json\/wp\/v2\/users\/4"}],"replies":[{"embeddable":true,"href":"https:\/\/fram.is\/is\/wp-json\/wp\/v2\/comments?post=20177"}],"version-history":[{"count":0,"href":"https:\/\/fram.is\/is\/wp-json\/wp\/v2\/posts\/20177\/revisions"}],"wp:featuredmedia":[{"embeddable":true,"href":"https:\/\/fram.is\/is\/wp-json\/wp\/v2\/media\/19911"}],"wp:attachment":[{"href":"https:\/\/fram.is\/is\/wp-json\/wp\/v2\/media?parent=20177"}],"wp:term":[{"taxonomy":"category","embeddable":true,"href":"https:\/\/fram.is\/is\/wp-json\/wp\/v2\/categories?post=20177"},{"taxonomy":"post_tag","embeddable":true,"href":"https:\/\/fram.is\/is\/wp-json\/wp\/v2\/tags?post=20177"}],"curies":[{"name":"wp","href":"https:\/\/api.w.org\/{rel}","templated":true}]}}