{"id":2022,"date":"2013-02-11T13:12:54","date_gmt":"2013-02-11T13:12:54","guid":{"rendered":"http:\/\/fram.is\/?p=2022"},"modified":"2013-02-11T13:12:54","modified_gmt":"2013-02-11T13:12:54","slug":"ksi-heidradi-hannes-og-sigmund","status":"publish","type":"post","link":"https:\/\/fram.is\/is\/2013\/02\/11\/ksi-heidradi-hannes-og-sigmund\/","title":{"rendered":"KS\u00cd hei\u00f0ra\u00f0i Hannes og Sigmund"},"content":{"rendered":"<p><a href=\"http:\/\/fram.is\/wp-content\/uploads\/2013\/02\/htsksi.jpg\"><img decoding=\"async\" class=\"alignleft  wp-image-2024\" alt=\"htsksi\" src=\"http:\/\/fram.is\/wp-content\/uploads\/2013\/02\/htsksi-300x300.jpg\" width=\"210\" height=\"210\" srcset=\"https:\/\/fram.is\/wp-content\/uploads\/2013\/02\/htsksi-300x300.jpg 300w, https:\/\/fram.is\/wp-content\/uploads\/2013\/02\/htsksi.jpg 800w, https:\/\/fram.is\/wp-content\/uploads\/2013\/02\/htsksi-100x100.jpg 100w, https:\/\/fram.is\/wp-content\/uploads\/2013\/02\/htsksi-150x150.jpg 150w, https:\/\/fram.is\/wp-content\/uploads\/2013\/02\/htsksi-768x768.jpg 768w\" sizes=\"(max-width: 210px) 100vw, 210px\" \/><\/a>Framararnir Hannes \u00de. Sigur\u00f0sson og Sigmundur \u00d3. Steinarsson voru me\u00f0al \u00feeirra sem hei\u00f0ra\u00f0ir \u00e1 n\u00fdafst\u00f6\u00f0nu \u00e1rs\u00feingi Knattspyrnusambands \u00cdslands.\u00a0 Hannes var hei\u00f0ra\u00f0ur fyrir \u00f6tult starf sitt innan knattspyrnuhreyfingarinnar og Sigmundur fj\u00f6lmi\u00f0lavi\u00f0urkenningu KS\u00cd.<\/p>\n<p>Af vef KS\u00cd:<\/p>\n<p>\u00c1 \u00e1rs\u00feingi KS\u00cd s\u00ed\u00f0astli\u00f0inn laugardag var Hannes \u00de. Sigur\u00f0sson s\u00e9rstaklega hei\u00f0ra\u00f0ur fyrir s\u00edn st\u00f6rf innan knattspyrnuhreyfingarinnar.\u00a0\u00a0Hannes hefur komi\u00f0 v\u00ed\u00f0a vi\u00f0 \u00ed hreyfingunni sem hefur fengi\u00f0 a\u00f0 nj\u00f3ta krafta hans \u00e1 m\u00f6rgum svi\u00f0um.<br \/>\nHannes hefur veri\u00f0 sko\u00f0unarma\u00f0ur reikninga hj\u00e1 Knattspyrnusambandinu \u00ed 60 \u00e1r en hefur n\u00fa h\u00e6tt sem sl\u00edkur.\u00a0 Hannes var einn fremsti d\u00f3mari landsins um \u00e1rabil og hefur einnig s\u00ed\u00f0an starfa\u00f0 sem eftirlitsma\u00f0ur d\u00f3mara \u00ed fj\u00f6lda \u00e1ra.<br \/>\n\u00dea\u00f0 var Ellert B. Schram, fyrrum forma\u00f0ur KS\u00cd og \u00cdS\u00cd, sem afhenti Hannesi vi\u00f0urkenningarvott fr\u00e1 Knattspyrnusambandinu en Hannes\u00a0var s\u00e6mdur \u00e6\u00f0sta hei\u00f0ursmerki KS\u00cd, hei\u00f0urskrossnum, \u00e1ri\u00f0 2007.<\/p>\n<p><a style=\"line-height: 18px;\" href=\"http:\/\/fram.is\/wp-content\/uploads\/2013\/02\/sosksi.jpg\"><img fetchpriority=\"high\" decoding=\"async\" class=\"alignleft size-medium wp-image-2025\" alt=\"sosksi\" src=\"http:\/\/fram.is\/wp-content\/uploads\/2013\/02\/sosksi-300x199.jpg\" width=\"300\" height=\"199\" \/><\/a><\/p>\n<p>Fj\u00f6lmi\u00f0lavi\u00f0urkenningu KS\u00cd fyrir \u00e1ri\u00f0 2012 hl\u00fdtur Sigmundur \u00d3. Steinarsson.\u00a0 Sigmundur er knattspyrnu\u00e1hugaf\u00f3lki vel kunnur, enda hefur hann fjalla\u00f0 um knattspyrnu \u00ed \u00e1ratugi, lengst af sem bla\u00f0ama\u00f0ur \u00e1 Morgunbla\u00f0inu og yfirma\u00f0ur \u00ed\u00fer\u00f3ttadeildar \u00fear.<br \/>\nKS\u00cd f\u00e9kk Sigmund til a\u00f0 rita s\u00f6gu \u00cdslandsm\u00f3tsins \u00ed knattspyrnu og gefa \u00fea\u00f0 \u00fat vi\u00f0 upphaf og lok 100. \u00cdslandsm\u00f3tsins, sem fram f\u00f3r \u00e1 li\u00f0nu \u00e1ri.\u00a0Sagan er s\u00f6g\u00f0 \u00ed tveimur bindum.\u00a0\u00a0Fyrra bindi\u00f0 inniheldur s\u00f6guna fr\u00e1 1912 til 1965 og hi\u00f0 s\u00ed\u00f0ara fjallar um \u00e1rin 1966 til og me\u00f0 m\u00f3tinu 2011.<br \/>\nSigmundur vann \u00fearna \u00f3metanlegt starf vi\u00f0 var\u00f0veislu \u00edslenskrar knattspyrnus\u00f6gu.\u00a0 Brennandi \u00e1hugi hans \u00e1 vi\u00f0fangsefninu, reynsla og \u00feekking, skila s\u00e9r vel \u00ed b\u00e1\u00f0um bindum.<\/p>","protected":false},"excerpt":{"rendered":"<p>Framararnir Hannes \u00de. Sigur\u00f0sson og Sigmundur \u00d3. Steinarsson voru me\u00f0al \u00feeirra sem hei\u00f0ra\u00f0ir \u00e1 n\u00fdafst\u00f6\u00f0nu \u00e1rs\u00feingi Knattspyrnusambands \u00cdslands.\u00a0 Hannes var hei\u00f0ra\u00f0ur fyrir \u00f6tult starf sitt innan knattspyrnuhreyfingarinnar og Sigmundur fj\u00f6lmi\u00f0lavi\u00f0urkenningu [&hellip;]<\/p>","protected":false},"author":3,"featured_media":2023,"comment_status":"open","ping_status":"open","sticky":false,"template":"","format":"standard","meta":{"_monsterinsights_skip_tracking":false,"_monsterinsights_sitenote_active":false,"_monsterinsights_sitenote_note":"","_monsterinsights_sitenote_category":0,"_jetpack_memberships_contains_paid_content":false,"footnotes":""},"categories":[9],"tags":[],"class_list":["post-2022","post","type-post","status-publish","format-standard","has-post-thumbnail","hentry","category-fotbolti"],"jetpack_sharing_enabled":true,"jetpack_featured_media_url":"https:\/\/fram.is\/wp-content\/uploads\/2013\/02\/htsksi3.jpg","_links":{"self":[{"href":"https:\/\/fram.is\/is\/wp-json\/wp\/v2\/posts\/2022","targetHints":{"allow":["GET"]}}],"collection":[{"href":"https:\/\/fram.is\/is\/wp-json\/wp\/v2\/posts"}],"about":[{"href":"https:\/\/fram.is\/is\/wp-json\/wp\/v2\/types\/post"}],"author":[{"embeddable":true,"href":"https:\/\/fram.is\/is\/wp-json\/wp\/v2\/users\/3"}],"replies":[{"embeddable":true,"href":"https:\/\/fram.is\/is\/wp-json\/wp\/v2\/comments?post=2022"}],"version-history":[{"count":0,"href":"https:\/\/fram.is\/is\/wp-json\/wp\/v2\/posts\/2022\/revisions"}],"wp:featuredmedia":[{"embeddable":true,"href":"https:\/\/fram.is\/is\/wp-json\/wp\/v2\/media\/2023"}],"wp:attachment":[{"href":"https:\/\/fram.is\/is\/wp-json\/wp\/v2\/media?parent=2022"}],"wp:term":[{"taxonomy":"category","embeddable":true,"href":"https:\/\/fram.is\/is\/wp-json\/wp\/v2\/categories?post=2022"},{"taxonomy":"post_tag","embeddable":true,"href":"https:\/\/fram.is\/is\/wp-json\/wp\/v2\/tags?post=2022"}],"curies":[{"name":"wp","href":"https:\/\/api.w.org\/{rel}","templated":true}]}}