{"id":20259,"date":"2019-03-29T11:56:18","date_gmt":"2019-03-29T11:56:18","guid":{"rendered":"http:\/\/fram.is\/?p=20259"},"modified":"2019-03-29T11:56:18","modified_gmt":"2019-03-29T11:56:18","slug":"knattspyrnufelagid-fram-auglysir-eftir-umsjonarmonnum-ithrottaskola-fram","status":"publish","type":"post","link":"https:\/\/fram.is\/is\/2019\/03\/29\/knattspyrnufelagid-fram-auglysir-eftir-umsjonarmonnum-ithrottaskola-fram\/","title":{"rendered":"Knattspyrnuf\u00e9lagi\u00f0 FRAM augl\u00fdsir eftir umsj\u00f3narm\u00f6nnum \u00ed\u00fer\u00f3ttask\u00f3la FRAM"},"content":{"rendered":"<p><a href=\"http:\/\/fram.is\/wp-content\/uploads\/2019\/03\/\u00cd\u00fer\u00f3ttask\u00f3li1-2.jpg\"><img fetchpriority=\"high\" decoding=\"async\" class=\"alignright size-medium wp-image-20261\" src=\"http:\/\/fram.is\/wp-content\/uploads\/2019\/03\/\u00cd\u00fer\u00f3ttask\u00f3li1-2-300x214.jpg\" alt=\"\" width=\"300\" height=\"214\" \/><\/a>\u00cd\u00fer\u00f3ttask\u00f3li FRAM fyrir b\u00f6rn \u00e1 aldrinum 18 m\u00e1na\u00f0a &#8211; 5 \u00e1ra hefur veri\u00f0 starfr\u00e6ktur \u00ed Grafarholti og Safam\u00fdri um langt \u00e1rabil.<\/p>\n<p>\u00cd \u00ed\u00fer\u00f3ttask\u00f3lanum kynnast b\u00f6rnin \u00ed\u00fer\u00f3ttum \u00e1 skemmtilegan og fj\u00f6lbreyttan h\u00e1tt. B\u00f6rnin \u00e6fa gr\u00f3fhreyfingar, jafnv\u00e6gi, styrk, \u00fathald og l\u00edkamsvitund. \u00deau l\u00e6ra h\u00f3pleiki og reglur \u00ed \u00feeim og styrkja me\u00f0 \u00fev\u00ed f\u00e9lagsf\u00e6rni s\u00edna. Auk alls \u00feessa er \u00ed\u00fer\u00f3ttask\u00f3linn skemmtileg samverustund foreldra og barns.<\/p>\n<p>Haldin eru tv\u00f6 12 vikna n\u00e1mskei\u00f0 \u00e1 \u00e1ri hverju. Anna\u00f0 a\u00f0 hausti (september-n\u00f3vember) og hitt a\u00f0 vori (jan\u00faar-apr\u00edl). N\u00e1mskei\u00f0i\u00f0 fer fram \u00e1 laugardagsmorgnum \u00ed \u00ed\u00fer\u00f3ttah\u00fasi Ingunnarsk\u00f3la.<\/p>\n<p>Knattspyrnuf\u00e9lagi\u00f0 FRAM leitar n\u00fa a\u00f0 \u00f6flugu f\u00f3lki til a\u00f0 taka a\u00f0 s\u00e9r umsj\u00f3n \u00ed\u00fer\u00f3ttask\u00f3la FRAM fr\u00e1 og me\u00f0 n\u00e6sta hausti.<\/p>\n<p>\u00dea\u00f0 er kostur a\u00f0 vi\u00f0komandi hafi reynslu af \u00ed\u00fer\u00f3ttastarfi og starfi me\u00f0 b\u00f6rnum. Einnig a\u00f0 vi\u00f0komandi hafi loki\u00f0 n\u00e1mi \u00ed \u00ed\u00fer\u00f3ttafr\u00e6\u00f0um e\u00f0a leggi stund \u00e1 sl\u00edkt n\u00e1m.<\/p>\n<p>\u00c1hugasamir eru hvattir til a\u00f0 hafa samband vi\u00f0 \u00de\u00f3r \u00ed\u00fer\u00f3ttastj\u00f3ra (<a href=\"mailto:toti@fram.is\">toti@fram.is<\/a>) e\u00f0a Da\u00f0a \u00ed\u00fer\u00f3ttafulltr\u00faa (<a href=\"mailto:dadi@fram.is\">dadi@fram.is<\/a>). \u00de\u00e1 m\u00e1 einnig nefna a\u00f0 s\u00ed\u00f0asti t\u00edmi von\u00e1mskei\u00f0sins er laugardaginn 30. mars og eru \u00e1hugasamir hvattir til a\u00f0 k\u00edkja vi\u00f0 \u00ed Ingunnarsk\u00f3la milli kl. 9:00-12:00 og kynna s\u00e9r starfsemina.<\/p>\n<p><a href=\"http:\/\/fram.is\/wp-content\/uploads\/2019\/03\/\u00cd\u00fer\u00f3ttask\u00f3li3-2.jpg\"><img decoding=\"async\" class=\"alignright size-medium wp-image-20267\" src=\"http:\/\/fram.is\/wp-content\/uploads\/2019\/03\/\u00cd\u00fer\u00f3ttask\u00f3li3-2-300x225.jpg\" alt=\"\" width=\"300\" height=\"225\" \/><\/a><\/p>\n<p><a href=\"http:\/\/fram.is\/wp-content\/uploads\/2019\/03\/\u00cd\u00fer\u00f3ttsk\u00f3li2.jpg\"><img decoding=\"async\" class=\"alignright size-medium wp-image-20264\" src=\"http:\/\/fram.is\/wp-content\/uploads\/2019\/03\/\u00cd\u00fer\u00f3ttsk\u00f3li2-232x300.jpg\" alt=\"\" width=\"232\" height=\"300\" \/><\/a><\/p>\n<p>Almennings\u00ed\u00fer\u00f3ttadeild FRAM<\/p>","protected":false},"excerpt":{"rendered":"<p>\u00cd\u00fer\u00f3ttask\u00f3li FRAM fyrir b\u00f6rn \u00e1 aldrinum 18 m\u00e1na\u00f0a &#8211; 5 \u00e1ra hefur veri\u00f0 starfr\u00e6ktur \u00ed Grafarholti og Safam\u00fdri um langt \u00e1rabil. \u00cd \u00ed\u00fer\u00f3ttask\u00f3lanum kynnast b\u00f6rnin \u00ed\u00fer\u00f3ttum \u00e1 skemmtilegan og fj\u00f6lbreyttan [&hellip;]<\/p>","protected":false},"author":6,"featured_media":20261,"comment_status":"open","ping_status":"open","sticky":false,"template":"","format":"standard","meta":{"_monsterinsights_skip_tracking":false,"_monsterinsights_sitenote_active":false,"_monsterinsights_sitenote_note":"","_monsterinsights_sitenote_category":0,"_jetpack_memberships_contains_paid_content":false,"footnotes":""},"categories":[10,20,16],"tags":[],"class_list":["post-20259","post","type-post","status-publish","format-standard","has-post-thumbnail","hentry","category-frettir","category-framiceland","category-almenndeild"],"jetpack_sharing_enabled":true,"jetpack_featured_media_url":"https:\/\/fram.is\/wp-content\/uploads\/2019\/03\/r\u00f3ttask\u00f3li1-2.jpg","_links":{"self":[{"href":"https:\/\/fram.is\/is\/wp-json\/wp\/v2\/posts\/20259","targetHints":{"allow":["GET"]}}],"collection":[{"href":"https:\/\/fram.is\/is\/wp-json\/wp\/v2\/posts"}],"about":[{"href":"https:\/\/fram.is\/is\/wp-json\/wp\/v2\/types\/post"}],"author":[{"embeddable":true,"href":"https:\/\/fram.is\/is\/wp-json\/wp\/v2\/users\/6"}],"replies":[{"embeddable":true,"href":"https:\/\/fram.is\/is\/wp-json\/wp\/v2\/comments?post=20259"}],"version-history":[{"count":0,"href":"https:\/\/fram.is\/is\/wp-json\/wp\/v2\/posts\/20259\/revisions"}],"wp:featuredmedia":[{"embeddable":true,"href":"https:\/\/fram.is\/is\/wp-json\/wp\/v2\/media\/20261"}],"wp:attachment":[{"href":"https:\/\/fram.is\/is\/wp-json\/wp\/v2\/media?parent=20259"}],"wp:term":[{"taxonomy":"category","embeddable":true,"href":"https:\/\/fram.is\/is\/wp-json\/wp\/v2\/categories?post=20259"},{"taxonomy":"post_tag","embeddable":true,"href":"https:\/\/fram.is\/is\/wp-json\/wp\/v2\/tags?post=20259"}],"curies":[{"name":"wp","href":"https:\/\/api.w.org\/{rel}","templated":true}]}}