{"id":20336,"date":"2019-04-06T21:55:08","date_gmt":"2019-04-06T21:55:08","guid":{"rendered":"http:\/\/fram.is\/?p=20336"},"modified":"2019-04-06T21:55:08","modified_gmt":"2019-04-06T21:55:08","slug":"glaesilegur-og-mikilvaegur-sigur-i-lokaleik-olisadeilar-karla","status":"publish","type":"post","link":"https:\/\/fram.is\/is\/2019\/04\/06\/glaesilegur-og-mikilvaegur-sigur-i-lokaleik-olisadeilar-karla\/","title":{"rendered":"Gl\u00e6silegur og mikilv\u00e6gur sigur \u00ed lokaleik Ol\u00edsadeilar karla."},"content":{"rendered":"<p><a href=\"http:\/\/fram.is\/is\/2018\/11\/tap-gegn-selfoss-i-olisdeild-karla-2\/toggi-gegn-grottu\/\"><img fetchpriority=\"high\" decoding=\"async\" class=\"alignright size-medium wp-image-19541\" src=\"http:\/\/fram.is\/wp-content\/uploads\/2018\/11\/Toggi-gegn-Gr\u00f3ttu-300x200.jpg\" alt=\"\" width=\"300\" height=\"200\" \/><\/a>Str\u00e1karnir okkar \u00ed handboltanum m\u00e6ttu \u00ed kv\u00f6ld \u00cdBV \u00ed lokaleik Ol\u00edsdeildarinnar, mikil spenna \u00ed okkar h\u00f3pi \u00fev\u00ed vi\u00f0 \u00feurftum nau\u00f0synlega \u00e1 stigi a\u00f0 halda.\u00a0 Vi\u00f0 hreinlega g\u00e1tum ekki treyst \u00e1 \u00farslitin f. nor\u00f0an og \u00fev\u00ed ur\u00f0um vi\u00f0 a\u00f0 n\u00e1 stigi e\u00f0a stigum. \u00a0Nokku\u00f0 vel m\u00e6tt og stu\u00f0ningur g\u00f3\u00f0ur \u00fer\u00e1tt fyrir \u00f3venjulegan t\u00edma.<\/p>\n<p>Leikurinn var strax spennandi, greinilega mikil spenna \u00ed okkar li\u00f0i \u00fev\u00ed vi\u00f0 vorum a\u00f0 gera miki\u00f0 af mist\u00f6kum. Jafnt \u00e1 flestum t\u00f6lum en \u00cdBV heldur me\u00f0 frumkv\u00e6\u00f0i\u00f0 sta\u00f0an eftir 15 m\u00edn. 9-8.<br \/>\nLeikurinn p\u00ednu skrautlegur og miki\u00f0 af mist\u00f6kum \u00e1 b\u00e1\u00f0a b\u00f3ga og jafnt \u00e1 flestum t\u00f6lum en vi\u00f0 misstu\u00f0 \u00fe\u00e1 a\u00f0eins fram \u00far okkur undir lokin, sta\u00f0an \u00ed h\u00e1lfleik 16-17.<\/p>\n<p>Miki\u00f0 skora\u00f0 og mik\u00f0 fj\u00f6r, spennan a\u00f0 ver\u00f0a \u00e1\u00fereifanleg. Uss<\/p>\n<p>S\u00ed\u00f0ari h\u00e1lfleikur var svo gr\u00ed\u00f0arlega spennandi, vi\u00f0 n\u00e1\u00f0um a\u00f0 h\u00f6ndla spennuna a\u00f0eins betur \u00feegar \u00e1 leikinn lei\u00f0 en byrjum h\u00e1lfleiksins var \u00ed raun algj\u00f6r sirkus.\u00a0 B\u00e6\u00f0i li\u00f0 a\u00f0 gera \u00f3tr\u00falega miki\u00f0 af mist\u00f6kum sem henta\u00f0i okkur vel \u00fev\u00ed vi\u00f0 vorum p\u00ednu \u00e1 taugum a\u00f0 m\u00e9r fannst.<br \/>\nVi\u00f0 n\u00e1\u00f0um svo sm\u00e1tt og sm\u00e1tt \u00e1ttum og bar\u00e1ttan \u00ed li\u00f0inu algj\u00f6rlega til fyrirmyndar, varnarleikur okkar bara f\u00ednn, sta\u00f0an eftir 45 m\u00edn. 25-23.<br \/>\nVi\u00f0 n\u00e1um sem s\u00e9 frumkv\u00e6\u00f0inu og vi\u00f0 h\u00e9ldum \u00fev\u00ed til loka, sem var algj\u00f6rlega fr\u00e1b\u00e6rt, gr\u00ed\u00f0arlega stoltur a\u00f0 \u00fev\u00ed hvernig vi\u00f0 kl\u00e1rum \u00feennan leik, allir a\u00f0 leggja allt \u00ed verkefni\u00f0.\u00a0 Vi\u00f0 g\u00e1tum svo sem veri\u00f0 kl\u00f3kari en tek hattinn ofan fyrir viljanum og bar\u00e1ttunni \u00ed li\u00f0inu.\u00a0 Ni\u00f0ursta\u00f0an fr\u00e1b\u00e6r og mikill l\u00e9ttir 33-28, sigur.<\/p>\n<p>\u00dea\u00f0 var allt undir og vi\u00f0 st\u00f3\u00f0umst pr\u00f3fi\u00f0, li\u00f0i\u00f0 a\u00f0 leggja sig fram og allir a\u00f0 leggja \u00ed p\u00fakki\u00f0. D\u00e1samlegt a\u00f0 kl\u00e1ra \u00feetta og tryggja s\u00e6ti\u00f0 \u00ed Ol\u00edsdeildinni a\u00f0 \u00e1ri.\u00a0 Gr\u00ed\u00f0alega stoltur af li\u00f0inu, innilega til hamingju drengir og \u00fej\u00e1lfarar.<\/p>\n<p>Str\u00e1kar takk fyrir veturinn, b\u00fai\u00f0 a\u00f0 vera erfitt og pirrandi t\u00edmabil en takk fyrir veturinn og sj\u00e1umst hressir \u00ed haust. Takk fyrir mig, vel gert.<\/p>\n<p>\u00c1FRAM FRAM<\/p>","protected":false},"excerpt":{"rendered":"<p>Str\u00e1karnir okkar \u00ed handboltanum m\u00e6ttu \u00ed kv\u00f6ld \u00cdBV \u00ed lokaleik Ol\u00edsdeildarinnar, mikil spenna \u00ed okkar h\u00f3pi \u00fev\u00ed vi\u00f0 \u00feurftum nau\u00f0synlega \u00e1 stigi a\u00f0 halda.\u00a0 Vi\u00f0 hreinlega g\u00e1tum ekki treyst \u00e1 [&hellip;]<\/p>","protected":false},"author":4,"featured_media":19551,"comment_status":"open","ping_status":"open","sticky":false,"template":"","format":"standard","meta":{"_monsterinsights_skip_tracking":false,"_monsterinsights_sitenote_active":false,"_monsterinsights_sitenote_note":"","_monsterinsights_sitenote_category":0,"_jetpack_memberships_contains_paid_content":false,"footnotes":""},"categories":[6,19],"tags":[],"class_list":["post-20336","post","type-post","status-publish","format-standard","has-post-thumbnail","hentry","category-handbolti","category-mfl-karla"],"jetpack_sharing_enabled":true,"jetpack_featured_media_url":"https:\/\/fram.is\/wp-content\/uploads\/2018\/11\/Valdi-\u00ed-vanda-vefur.jpg","_links":{"self":[{"href":"https:\/\/fram.is\/is\/wp-json\/wp\/v2\/posts\/20336","targetHints":{"allow":["GET"]}}],"collection":[{"href":"https:\/\/fram.is\/is\/wp-json\/wp\/v2\/posts"}],"about":[{"href":"https:\/\/fram.is\/is\/wp-json\/wp\/v2\/types\/post"}],"author":[{"embeddable":true,"href":"https:\/\/fram.is\/is\/wp-json\/wp\/v2\/users\/4"}],"replies":[{"embeddable":true,"href":"https:\/\/fram.is\/is\/wp-json\/wp\/v2\/comments?post=20336"}],"version-history":[{"count":0,"href":"https:\/\/fram.is\/is\/wp-json\/wp\/v2\/posts\/20336\/revisions"}],"wp:featuredmedia":[{"embeddable":true,"href":"https:\/\/fram.is\/is\/wp-json\/wp\/v2\/media\/19551"}],"wp:attachment":[{"href":"https:\/\/fram.is\/is\/wp-json\/wp\/v2\/media?parent=20336"}],"wp:term":[{"taxonomy":"category","embeddable":true,"href":"https:\/\/fram.is\/is\/wp-json\/wp\/v2\/categories?post=20336"},{"taxonomy":"post_tag","embeddable":true,"href":"https:\/\/fram.is\/is\/wp-json\/wp\/v2\/tags?post=20336"}],"curies":[{"name":"wp","href":"https:\/\/api.w.org\/{rel}","templated":true}]}}