{"id":20350,"date":"2019-04-10T13:55:03","date_gmt":"2019-04-10T13:55:03","guid":{"rendered":"http:\/\/fram.is\/?p=20350"},"modified":"2019-04-10T13:55:03","modified_gmt":"2019-04-10T13:55:03","slug":"fjorar-fra-fram-i-haefileikamotum-hsi-og-blaa-lonsins","status":"publish","type":"post","link":"https:\/\/fram.is\/is\/2019\/04\/10\/fjorar-fra-fram-i-haefileikamotum-hsi-og-blaa-lonsins\/","title":{"rendered":"Fj\u00f3rar fr\u00e1 FRAM \u00ed H\u00e6fileikam\u00f3tum HS\u00cd og Bl\u00e1a l\u00f3nsins"},"content":{"rendered":"<p><a href=\"http:\/\/fram.is\/is\/?attachment_id=20368\"><img fetchpriority=\"high\" decoding=\"async\" class=\"alignright size-large wp-image-20368\" src=\"http:\/\/fram.is\/wp-content\/uploads\/2019\/04\/H\u00e6fileikam\u00f3tun-HS\u00cd-vor-2019.-1024x768.jpg\" alt=\"\" width=\"460\" height=\"345\" \/><\/a>Valinn hefur veri\u00f0 h\u00f3pur sem tekur \u00fe\u00e1tt \u00ed H\u00e6fileikam\u00f3tun HS\u00cd og Bl\u00e1a l\u00f3nsins fyrir \u00a0st\u00falkur f\u00e6ddar 2005 fer fram 14. og 15. apr\u00edl nk.<\/p>\n<p>\u00c6fingarnar fara allar fram \u00ed K\u00f3rnum \u00ed K\u00f3pavogi undir stj\u00f3rn Einars Gu\u00f0mundssonar.<\/p>\n<p>Vi\u00f0 FRAMarar erum stoltir af \u00fev\u00ed a\u00f0 eiga fj\u00f3ra fulltr\u00faa \u00ed \u00feessum \u00e6fingah\u00f3pi HS\u00cd en \u00fe\u00e6r sem voru valdir fr\u00e1 FRAM a\u00f0 \u00feessu sinni eru:<\/p>\n<p>&nbsp;<\/p>\n<p>&nbsp;<\/p>\n<p>&nbsp;<\/p>\n<p>A\u00f0alhei\u00f0ur Karen D\u00faad\u00f3ttir\u00a0 \u00a0 \u00a0 \u00a0 \u00a0 \u00a0 \u00a0 FRAM<br \/>\nEyd\u00eds P\u00e1lmad\u00f3ttir\u00a0\u00a0\u00a0\u00a0\u00a0\u00a0\u00a0\u00a0\u00a0\u00a0\u00a0\u00a0\u00a0\u00a0\u00a0\u00a0\u00a0\u00a0\u00a0\u00a0\u00a0\u00a0\u00a0\u00a0\u00a0\u00a0\u00a0\u00a0 FRAM<br \/>\nS\u00f3ld\u00eds R\u00f3s Ragnarsd\u00f3ttir\u00a0 \u00a0 \u00a0 \u00a0 \u00a0 \u00a0 \u00a0 \u00a0 \u00a0FRAM<br \/>\nVigd\u00eds Kar\u00f3l\u00edna El\u00edasd\u00f3ttir\u00a0 \u00a0 \u00a0 \u00a0 \u00a0 \u00a0 \u00a0 \u00a0 FRAM<\/p>\n<p>Flottur h\u00f3pur og gangi ykkur vel.<\/p>\n<p>\u00c1FRAM FRAM<\/p>","protected":false},"excerpt":{"rendered":"<p>Valinn hefur veri\u00f0 h\u00f3pur sem tekur \u00fe\u00e1tt \u00ed H\u00e6fileikam\u00f3tun HS\u00cd og Bl\u00e1a l\u00f3nsins fyrir \u00a0st\u00falkur f\u00e6ddar 2005 fer fram 14. og 15. apr\u00edl nk. \u00c6fingarnar fara allar fram \u00ed K\u00f3rnum [&hellip;]<\/p>","protected":false},"author":4,"featured_media":20369,"comment_status":"open","ping_status":"open","sticky":false,"template":"","format":"standard","meta":{"_monsterinsights_skip_tracking":false,"_monsterinsights_sitenote_active":false,"_monsterinsights_sitenote_note":"","_monsterinsights_sitenote_category":0,"_jetpack_memberships_contains_paid_content":false,"footnotes":""},"categories":[7,6],"tags":[],"class_list":["post-20350","post","type-post","status-publish","format-standard","has-post-thumbnail","hentry","category-yngri-flokkar","category-handbolti"],"jetpack_sharing_enabled":true,"jetpack_featured_media_url":"https:\/\/fram.is\/wp-content\/uploads\/2019\/04\/H\u00e6fileikam\u00f3tun-HS\u00cd-I-vor-2019-scaled.jpg","_links":{"self":[{"href":"https:\/\/fram.is\/is\/wp-json\/wp\/v2\/posts\/20350","targetHints":{"allow":["GET"]}}],"collection":[{"href":"https:\/\/fram.is\/is\/wp-json\/wp\/v2\/posts"}],"about":[{"href":"https:\/\/fram.is\/is\/wp-json\/wp\/v2\/types\/post"}],"author":[{"embeddable":true,"href":"https:\/\/fram.is\/is\/wp-json\/wp\/v2\/users\/4"}],"replies":[{"embeddable":true,"href":"https:\/\/fram.is\/is\/wp-json\/wp\/v2\/comments?post=20350"}],"version-history":[{"count":0,"href":"https:\/\/fram.is\/is\/wp-json\/wp\/v2\/posts\/20350\/revisions"}],"wp:featuredmedia":[{"embeddable":true,"href":"https:\/\/fram.is\/is\/wp-json\/wp\/v2\/media\/20369"}],"wp:attachment":[{"href":"https:\/\/fram.is\/is\/wp-json\/wp\/v2\/media?parent=20350"}],"wp:term":[{"taxonomy":"category","embeddable":true,"href":"https:\/\/fram.is\/is\/wp-json\/wp\/v2\/categories?post=20350"},{"taxonomy":"post_tag","embeddable":true,"href":"https:\/\/fram.is\/is\/wp-json\/wp\/v2\/tags?post=20350"}],"curies":[{"name":"wp","href":"https:\/\/api.w.org\/{rel}","templated":true}]}}