{"id":20411,"date":"2019-04-16T12:41:48","date_gmt":"2019-04-16T12:41:48","guid":{"rendered":"http:\/\/fram.is\/?p=20411"},"modified":"2019-04-16T12:41:48","modified_gmt":"2019-04-16T12:41:48","slug":"dregid-i-happdraetti-meistaraflokks-i-knattspyrnu","status":"publish","type":"post","link":"https:\/\/fram.is\/is\/2019\/04\/16\/dregid-i-happdraetti-meistaraflokks-i-knattspyrnu\/","title":{"rendered":"Dregi\u00f0 \u00ed happdr\u00e6tti meistaraflokks \u00ed knattspyrnu"},"content":{"rendered":"<p>Dregi\u00f0 var \u00ed happdr\u00e6tti meistaraflokks karla \u00ed knattspyrnu \u00ed g\u00e6r. Dregi\u00f0 var hj\u00e1 S\u00fdslumanninum \u00e1 h\u00f6fu\u00f0borgarsv\u00e6\u00f0inu og vinningaskr\u00e1na m\u00e1 sj\u00e1 h\u00e9r a\u00f0 ne\u00f0an. Dregi\u00f0 var \u00far seldum mi\u00f0um.<\/p>\n<p>ATH a\u00f0 vinninga ber a\u00f0 vitja \u00e1 skrifstofu Fram \u00ed Safam\u00fdri innan \u00e1rs.<\/p>\n<p>Leikmenn meistaraflokks karla \u00feakka k\u00e6rlega fyrir stu\u00f0ninginn.<\/p>\n<p>H\u00e6gt er a\u00f0 leita eftir vinningi me\u00f0 \u00fev\u00ed a\u00f0 sl\u00e1 mi\u00f0an\u00famer inn \u00ed leitarstrenginn.<\/p>\n<p>[table id=4 \/]<\/p>","protected":false},"excerpt":{"rendered":"<p>Dregi\u00f0 var \u00ed happdr\u00e6tti meistaraflokks karla \u00ed knattspyrnu \u00ed g\u00e6r. Dregi\u00f0 var hj\u00e1 S\u00fdslumanninum \u00e1 h\u00f6fu\u00f0borgarsv\u00e6\u00f0inu og vinningaskr\u00e1na m\u00e1 sj\u00e1 h\u00e9r a\u00f0 ne\u00f0an. Dregi\u00f0 var \u00far seldum mi\u00f0um. ATH a\u00f0 [&hellip;]<\/p>","protected":false},"author":6,"featured_media":20416,"comment_status":"open","ping_status":"open","sticky":false,"template":"","format":"standard","meta":{"_monsterinsights_skip_tracking":false,"_monsterinsights_sitenote_active":false,"_monsterinsights_sitenote_note":"","_monsterinsights_sitenote_category":0,"_jetpack_memberships_contains_paid_content":false,"footnotes":""},"categories":[11,10,9,20,1],"tags":[],"class_list":["post-20411","post","type-post","status-publish","format-standard","has-post-thumbnail","hentry","category-mflkarla","category-frettir","category-fotbolti","category-framiceland","category-uncategorized"],"jetpack_sharing_enabled":true,"jetpack_featured_media_url":"https:\/\/fram.is\/wp-content\/uploads\/2019\/04\/Sp\u00e1nn-2019-2.jpg","_links":{"self":[{"href":"https:\/\/fram.is\/is\/wp-json\/wp\/v2\/posts\/20411","targetHints":{"allow":["GET"]}}],"collection":[{"href":"https:\/\/fram.is\/is\/wp-json\/wp\/v2\/posts"}],"about":[{"href":"https:\/\/fram.is\/is\/wp-json\/wp\/v2\/types\/post"}],"author":[{"embeddable":true,"href":"https:\/\/fram.is\/is\/wp-json\/wp\/v2\/users\/6"}],"replies":[{"embeddable":true,"href":"https:\/\/fram.is\/is\/wp-json\/wp\/v2\/comments?post=20411"}],"version-history":[{"count":0,"href":"https:\/\/fram.is\/is\/wp-json\/wp\/v2\/posts\/20411\/revisions"}],"wp:featuredmedia":[{"embeddable":true,"href":"https:\/\/fram.is\/is\/wp-json\/wp\/v2\/media\/20416"}],"wp:attachment":[{"href":"https:\/\/fram.is\/is\/wp-json\/wp\/v2\/media?parent=20411"}],"wp:term":[{"taxonomy":"category","embeddable":true,"href":"https:\/\/fram.is\/is\/wp-json\/wp\/v2\/categories?post=20411"},{"taxonomy":"post_tag","embeddable":true,"href":"https:\/\/fram.is\/is\/wp-json\/wp\/v2\/tags?post=20411"}],"curies":[{"name":"wp","href":"https:\/\/api.w.org\/{rel}","templated":true}]}}