{"id":20421,"date":"2019-04-16T23:18:58","date_gmt":"2019-04-16T23:18:58","guid":{"rendered":"http:\/\/fram.is\/?p=20421"},"modified":"2019-04-16T23:18:58","modified_gmt":"2019-04-16T23:18:58","slug":"frettir-af-byggingarmalum-i-fram-i-ulfarsardal","status":"publish","type":"post","link":"https:\/\/fram.is\/is\/2019\/04\/16\/frettir-af-byggingarmalum-i-fram-i-ulfarsardal\/","title":{"rendered":"Fr\u00e9ttir af byggingarm\u00e1lum \u00ed FRAM \u00ed \u00dalfars\u00e1rdal"},"content":{"rendered":"<p><a href=\"http:\/\/fram.is\/is\/felagid\/fram-svaedid-i-ulfarsardal\/heildarmynd-litil\/\"><img fetchpriority=\"high\" decoding=\"async\" class=\"alignright size-large wp-image-19622\" src=\"http:\/\/fram.is\/wp-content\/uploads\/2014\/02\/Heildarmynd-l\u00edtil-1024x704.jpg\" alt=\"\" width=\"460\" height=\"316\" \/><\/a>S\u00e6lir FRAMarar<\/p>\n<p>Byggingarnefnd FRAM hefur eins og \u00fei\u00f0 viti\u00f0 veri\u00f0 a\u00f0 vinna \u00e1 fullu \u00ed \u00fev\u00ed a\u00f0 kl\u00e1ra sitt fyrsta verkefni sem a\u00f0 a\u00f0 kl\u00e1ra h\u00f6nnun \u00e1 h\u00fasinu og v\u00f6llum fyrir \u00fatbo\u00f0.<br \/>\n\u00dea\u00f0 verk hefur a\u00f0eins dregist enda miki\u00f0 verk, fl\u00f3ki\u00f0 og mikilv\u00e6gt a\u00f0 vanda til verka.<\/p>\n<p>\u00dea\u00f0 er ekki \u00e1st\u00e6\u00f0a til a\u00f0 dvelja miki\u00f0 vi\u00f0 \u00fea\u00f0 en \u00e1 fundi byggingarnefndar \u00ed dag var gefin \u00fat dagskr\u00e1 fyrir n\u00e6stu skref \u00ed verkefninu, h\u00fan er sem h\u00e9r segir:<\/p>\n<ul>\n<li>24. apr\u00edl forval augl\u00fdst,\u00a0 \u00deetta er \u00fea\u00f0 st\u00f3rt verkefni a\u00f0 nau\u00f0synlegt er a\u00f0 fara \u00ed forval og meta \u00fe\u00e1 a\u00f0ila sem s\u00ed\u00f0an f\u00e1 a\u00f0 bj\u00f3\u00f0a \u00ed verki\u00f0.<\/li>\n<li>15 ma\u00ed \u00datbo\u00f0sg\u00f6gn afhent.<\/li>\n<li>1, j\u00fal\u00ed. \u00datbo\u00f0 opnu\u00f0.<\/li>\n<li>Framkv\u00e6mdir \u00e6ttu a\u00f0 hefjast \u00e1g\u00fast\/sept. 2019.<\/li>\n<\/ul>\n<p>\u00cd sumar ver\u00f0ur fari\u00f0 \u00ed f\u00e6ra \u00a0n\u00faverandi a\u00f0sto\u00f0u FRAM \u00ed \u00dalfas\u00e1rdal, byggja n\u00fdtt d\u00e6luh\u00fas fyrir gervigrasvelli, f\u00e6ra hitalagnir og tengja fyrir 1. okt. 2019.<\/p>\n<p>Vi\u00f0 stefnum svo a\u00f0 \u00fev\u00ed a\u00f0 kynna n\u00fdjar teikningar og verkefni\u00f0 \u00ed heild \u00e1 111 \u00e1ra afm\u00e6li FRAM mi\u00f0vikudaginn 1. ma\u00ed 2019. N\u00e1nar um \u00fea\u00f0 s\u00ed\u00f0ar.<\/p>\n<p>Gle\u00f0ilega p\u00e1ska.<\/p>\n<p>F.h Byggingarnefndar FRAM<\/p>\n<p>\u00de\u00f3r Bj\u00f6rnsson<br \/>\nL\u00fa\u00f0v\u00edk \u00deorgeirsson<\/p>","protected":false},"excerpt":{"rendered":"<p>S\u00e6lir FRAMarar Byggingarnefnd FRAM hefur eins og \u00fei\u00f0 viti\u00f0 veri\u00f0 a\u00f0 vinna \u00e1 fullu \u00ed \u00fev\u00ed a\u00f0 kl\u00e1ra sitt fyrsta verkefni sem a\u00f0 a\u00f0 kl\u00e1ra h\u00f6nnun \u00e1 h\u00fasinu og v\u00f6llum [&hellip;]<\/p>","protected":false},"author":4,"featured_media":19626,"comment_status":"open","ping_status":"open","sticky":false,"template":"","format":"standard","meta":{"_monsterinsights_skip_tracking":false,"_monsterinsights_sitenote_active":false,"_monsterinsights_sitenote_note":"","_monsterinsights_sitenote_category":0,"_jetpack_memberships_contains_paid_content":false,"footnotes":""},"categories":[8,10],"tags":[],"class_list":["post-20421","post","type-post","status-publish","format-standard","has-post-thumbnail","hentry","category-adalstjorn","category-frettir"],"jetpack_sharing_enabled":true,"jetpack_featured_media_url":"https:\/\/fram.is\/wp-content\/uploads\/2014\/02\/USK-FJ\u00c1-Bygginganefnd-Fram-\u00dalfars\u00e1rdal-2017-perspektiv_heildin-0.-view.jpg","_links":{"self":[{"href":"https:\/\/fram.is\/is\/wp-json\/wp\/v2\/posts\/20421","targetHints":{"allow":["GET"]}}],"collection":[{"href":"https:\/\/fram.is\/is\/wp-json\/wp\/v2\/posts"}],"about":[{"href":"https:\/\/fram.is\/is\/wp-json\/wp\/v2\/types\/post"}],"author":[{"embeddable":true,"href":"https:\/\/fram.is\/is\/wp-json\/wp\/v2\/users\/4"}],"replies":[{"embeddable":true,"href":"https:\/\/fram.is\/is\/wp-json\/wp\/v2\/comments?post=20421"}],"version-history":[{"count":0,"href":"https:\/\/fram.is\/is\/wp-json\/wp\/v2\/posts\/20421\/revisions"}],"wp:featuredmedia":[{"embeddable":true,"href":"https:\/\/fram.is\/is\/wp-json\/wp\/v2\/media\/19626"}],"wp:attachment":[{"href":"https:\/\/fram.is\/is\/wp-json\/wp\/v2\/media?parent=20421"}],"wp:term":[{"taxonomy":"category","embeddable":true,"href":"https:\/\/fram.is\/is\/wp-json\/wp\/v2\/categories?post=20421"},{"taxonomy":"post_tag","embeddable":true,"href":"https:\/\/fram.is\/is\/wp-json\/wp\/v2\/tags?post=20421"}],"curies":[{"name":"wp","href":"https:\/\/api.w.org\/{rel}","templated":true}]}}