{"id":20427,"date":"2019-04-18T09:42:23","date_gmt":"2019-04-18T09:42:23","guid":{"rendered":"http:\/\/fram.is\/?p=20427"},"modified":"2019-04-18T09:42:23","modified_gmt":"2019-04-18T09:42:23","slug":"haraldur-einar-semur-vid-fram","status":"publish","type":"post","link":"https:\/\/fram.is\/is\/2019\/04\/18\/haraldur-einar-semur-vid-fram\/","title":{"rendered":"Haraldur Einar semur vi\u00f0 FRAM"},"content":{"rendered":"<p>Haraldur Einar \u00c1sgr\u00edmsson hefur endurn\u00fdja\u00f0 samning sinn vi\u00f0 knattspyrnudeild Fram og sami\u00f0 til tveggja \u00e1ra e\u00f0a \u00fat keppnist\u00edmabili\u00f0 2020.<\/p>\n<p><a href=\"http:\/\/fram.is\/wp-content\/uploads\/2019\/04\/Haraldur-Einar-\u00c1sgr\u00edmsson.jpeg\"><img fetchpriority=\"high\" decoding=\"async\" src=\"http:\/\/fram.is\/wp-content\/uploads\/2019\/04\/Haraldur-Einar-\u00c1sgr\u00edmsson-200x300.jpeg\" alt=\"\" width=\"200\" height=\"300\" class=\"alignright size-medium wp-image-20428\" \/><\/a><\/p>\n<p>Haraldur sem er 19 \u00e1ra gamall er uppalinn Framari \u00far Grafarholti.  \u00c1 s\u00ed\u00f0asta \u00e1ri var Haraldur l\u00e1na\u00f0ur til \u00c1lftaness og l\u00e9k hann me\u00f0 f\u00e9laginu \u00ed 4. deildinni.  Sumari\u00f0 2017 var hann l\u00e1na\u00f0ur \u00ed \u00dalfana og l\u00e9k \u00fear s\u00edna fyrstu meistaraflokksleiki.  Me\u00f0 \u00c1lftanesi l\u00e9k hann st\u00f3rt hlutverk s\u00ed\u00f0asta sumar og st\u00f3\u00f0 sig vel.  \u00dea\u00f0 m\u00e1 me\u00f0 sanni segja a\u00f0 Haraldur hafi komi\u00f0 til baka reynslunni r\u00edkari og hann hefur \u00ed vetur eigna\u00f0 s\u00e9r st\u00f6\u00f0u vinstri bakvar\u00f0ar \u00ed Framli\u00f0inu.  <\/p>\n<p>Haraldur er \u00f6rvf\u00e6ttur, t\u00e6knilega g\u00f3\u00f0ur leikma\u00f0ur sem les leikinn vel og hefur g\u00f3\u00f0ar spyrnur \u00ed s\u00ednu vopnab\u00fari.  Hann hefur alls leiki\u00f0 12 leiki fyrir meistaraflokk Fram.<\/p>\n<p>Knattspyrnudeild Fram er \u00e1n\u00e6g\u00f0 me\u00f0 a\u00f0 hafa tryggt s\u00e9r krafta \u00feessa efnilega leikmanns til n\u00e6stu tveggja \u00e1ra hi\u00f0 minnsta og ver\u00f0ur spennandi a\u00f0 fylgjast me\u00f0 honum \u00ed bar\u00e1ttunni \u00ed sumar.<\/p>","protected":false},"excerpt":{"rendered":"<p>Haraldur Einar \u00c1sgr\u00edmsson hefur endurn\u00fdja\u00f0 samning sinn vi\u00f0 knattspyrnudeild Fram og sami\u00f0 til tveggja \u00e1ra e\u00f0a \u00fat keppnist\u00edmabili\u00f0 2020. Haraldur sem er 19 \u00e1ra gamall er uppalinn Framari \u00far Grafarholti. [&hellip;]<\/p>","protected":false},"author":6,"featured_media":20432,"comment_status":"open","ping_status":"open","sticky":false,"template":"","format":"standard","meta":{"_monsterinsights_skip_tracking":false,"_monsterinsights_sitenote_active":false,"_monsterinsights_sitenote_note":"","_monsterinsights_sitenote_category":0,"_jetpack_memberships_contains_paid_content":false,"footnotes":""},"categories":[11,10,9,20],"tags":[],"class_list":["post-20427","post","type-post","status-publish","format-standard","has-post-thumbnail","hentry","category-mflkarla","category-frettir","category-fotbolti","category-framiceland"],"jetpack_sharing_enabled":true,"jetpack_featured_media_url":"https:\/\/fram.is\/wp-content\/uploads\/2019\/04\/Haraldur-Einar-\u00c1sgr\u00edmsson3-2.jpg","_links":{"self":[{"href":"https:\/\/fram.is\/is\/wp-json\/wp\/v2\/posts\/20427","targetHints":{"allow":["GET"]}}],"collection":[{"href":"https:\/\/fram.is\/is\/wp-json\/wp\/v2\/posts"}],"about":[{"href":"https:\/\/fram.is\/is\/wp-json\/wp\/v2\/types\/post"}],"author":[{"embeddable":true,"href":"https:\/\/fram.is\/is\/wp-json\/wp\/v2\/users\/6"}],"replies":[{"embeddable":true,"href":"https:\/\/fram.is\/is\/wp-json\/wp\/v2\/comments?post=20427"}],"version-history":[{"count":0,"href":"https:\/\/fram.is\/is\/wp-json\/wp\/v2\/posts\/20427\/revisions"}],"wp:featuredmedia":[{"embeddable":true,"href":"https:\/\/fram.is\/is\/wp-json\/wp\/v2\/media\/20432"}],"wp:attachment":[{"href":"https:\/\/fram.is\/is\/wp-json\/wp\/v2\/media?parent=20427"}],"wp:term":[{"taxonomy":"category","embeddable":true,"href":"https:\/\/fram.is\/is\/wp-json\/wp\/v2\/categories?post=20427"},{"taxonomy":"post_tag","embeddable":true,"href":"https:\/\/fram.is\/is\/wp-json\/wp\/v2\/tags?post=20427"}],"curies":[{"name":"wp","href":"https:\/\/api.w.org\/{rel}","templated":true}]}}