{"id":20478,"date":"2019-04-28T23:49:31","date_gmt":"2019-04-28T23:49:31","guid":{"rendered":"http:\/\/fram.is\/?p=20478"},"modified":"2019-04-28T23:49:31","modified_gmt":"2019-04-28T23:49:31","slug":"urslit-ur-sumarhlaupi-fram-i-grafarholti-og-ulfarsardal-a-sumardaginn-fyrsta","status":"publish","type":"post","link":"https:\/\/fram.is\/is\/2019\/04\/28\/urslit-ur-sumarhlaupi-fram-i-grafarholti-og-ulfarsardal-a-sumardaginn-fyrsta\/","title":{"rendered":"\u00darslit \u00far Sumarhlaupi FRAM \u00cd Grafarholti og \u00dalfars\u00e1rdal \u00e1 sumardaginn fyrsta"},"content":{"rendered":"<p>Sumarhlaup FRAM 2019 var venju samkv\u00e6mt haldi\u00f0 a\u00f0 morgni sumardagsins fyrsta \u00ed Grafarholtinu.<\/p>\n<p>Met\u00fe\u00e1tttaka var \u00ed hlaupinu \u00ed \u00e1r en alls luku 62 hlauparar keppni.  Ve\u00f0ri\u00f0 l\u00e9k vi\u00f0 hvurn sinn fingur og a\u00f0st\u00e6\u00f0ur allar hinar bestu.  Tv\u00e6r vegalengdir voru \u00ed bo\u00f0i, 3 km og 5 km. Veitt voru ver\u00f0laun fyrir efstu s\u00e6tin \u00ed hverjum flokki. \u00d6ll b\u00f6rn fengu ver\u00f0launapening fyrir \u00fe\u00e1ttt\u00f6ku s\u00edna \u00ed hlaupinu.<\/p>\n<p><a href=\"http:\/\/fram.is\/wp-content\/uploads\/2019\/04\/Starti\u00f0.jpg\"><img fetchpriority=\"high\" decoding=\"async\" src=\"http:\/\/fram.is\/wp-content\/uploads\/2019\/04\/Starti\u00f0.jpg\" alt=\"\" width=\"960\" height=\"540\" class=\"alignleft size-full wp-image-20482\" srcset=\"https:\/\/fram.is\/wp-content\/uploads\/2019\/04\/Starti\u00f0.jpg 960w, https:\/\/fram.is\/wp-content\/uploads\/2019\/04\/Starti\u00f0-800x450.jpg 800w, https:\/\/fram.is\/wp-content\/uploads\/2019\/04\/Starti\u00f0-300x169.jpg 300w, https:\/\/fram.is\/wp-content\/uploads\/2019\/04\/Starti\u00f0-768x432.jpg 768w\" sizes=\"(max-width: 960px) 100vw, 960px\" \/><\/a><\/p>\n<p>\u00dea\u00f0 voru \u00fereyttir en \u00e1n\u00e6g\u00f0ir hlauparar sem komu \u00ed mark \u00ed Leirdalnum. \u00deeir sem vildu g\u00e1tu svala\u00f0 \u00feorsta s\u00ednum og hla\u00f0i\u00f0 batter\u00edin me\u00f0 Hle\u00f0slu fr\u00e1 MS a\u00f0 hlaupi loknu.<\/p>\n<p><a href=\"http:\/\/fram.is\/wp-content\/uploads\/2019\/04\/Almennings\u00ed\u00fer\u00f3ttadeild-1.jpg\"><img decoding=\"async\" src=\"http:\/\/fram.is\/wp-content\/uploads\/2019\/04\/Almennings\u00ed\u00fer\u00f3ttadeild-1-150x150.jpg\" alt=\"\" width=\"150\" height=\"150\" class=\"alignleft size-thumbnail wp-image-20513\" \/><\/a><a href=\"http:\/\/fram.is\/wp-content\/uploads\/2019\/04\/T\u00edmataka.jpg\"><img decoding=\"async\" src=\"http:\/\/fram.is\/wp-content\/uploads\/2019\/04\/T\u00edmataka-150x150.jpg\" alt=\"\" width=\"150\" height=\"150\" class=\"alignleft size-thumbnail wp-image-20514\" \/><\/a><a href=\"http:\/\/fram.is\/wp-content\/uploads\/2019\/04\/Hlaupari.jpg\"><img loading=\"lazy\" decoding=\"async\" src=\"http:\/\/fram.is\/wp-content\/uploads\/2019\/04\/Hlaupari-150x150.jpg\" alt=\"\" width=\"150\" height=\"150\" class=\"alignleft size-thumbnail wp-image-20517\" \/><\/a><\/p>\n<p>Almennings\u00ed\u00fer\u00f3ttadeild FRAM \u00feakkar \u00f6llum sem m\u00e6ttu k\u00e6rlega fyrir \u00fe\u00e1ttt\u00f6kuna og vonast eftir enn fleiri \u00fe\u00e1tttakendum \u00e1 n\u00e6sta \u00e1ri.<\/p>\n<p>H\u00e9r fyrir ne\u00f0an eru n\u00f6fn og t\u00edmar sigurvegaranna \u00ed hverjum flokki fyrir sig.  Fleiri myndir ne\u00f0st \u00e1 s\u00ed\u00f0unni.<\/p>\n<p>3 km d\u00f6mur 12 \u00e1ra og yngri<br \/>\n1.\tKrist\u00edna  Dodonova\t17:05<br \/>\n2.\t\u00cdris Hr\u00f6nn Janusd\u00f3ttir  17:22<br \/>\n3.\tKatla Krist\u00edn Hrafnkelsd\u00f3ttir\t18:21<\/p>\n<p>3 km herrar 12 \u00e1ra og yngri<br \/>\n1.\tHektor Orri Ingimarsson\t14:18<br \/>\n2.\tAlexander K\u00e1rason\t14:25<br \/>\n3.\t\u00d3skar J\u00f6kull Finnlaugsson\t14:30<\/p>\n<p>3 km d\u00f6mur eldri en 12 \u00e1ra<br \/>\n1.\tAnastasia Dodonova\t17:05<br \/>\n2.\tOlga S\u00e6varsd\u00f3ttir\t17:22<br \/>\n3.\tIngibj\u00f6rg Vigd\u00edsard\u00f3ttir\t25:18<\/p>\n<p>3 km herrar eldri en 12 \u00e1ra<br \/>\n1.\tK\u00e1ri \u00der\u00e1insson\t15:56<br \/>\n2.\tValur Valsson\t16:21<br \/>\n3.\tDav\u00ed\u00f0 J\u00f3hannsson\t16:42<\/p>\n<p>5 km d\u00f6mur yngri en 12 \u00e1ra<br \/>\n1.\tAn\u00edta Antonsd\u00f3ttir\t31:27<br \/>\n2.\tS\u00e6unn \u00c1rn\u00fd Sigmundsd\u00f3ttir\t32:39<br \/>\n3.\tSilja Katr\u00edn Gunnarsd\u00f3ttir\t34:57<\/p>\n<p>5 km herrar 12 \u00e1ra og yngri<br \/>\n1.\tKjartan \u00d3li Bjarnason\t24:10<br \/>\n2.\tT\u00f3mas Njar\u00f0arson\t39:39<\/p>\n<p>5 km d\u00f6mur eldri en 12 \u00e1ra<br \/>\n1.\tL\u00f3a Birna Birgisd\u00f3ttir\t24:41<br \/>\n2.\tDalr\u00f3s Ingad\u00f3ttir\t28:56<br \/>\n3.\tAu\u00f0ur Fri\u00f0riksd\u00f3ttir\t30:20<\/p>\n<p>5 km herrar eldri en 12 \u00e1ra<br \/>\n1.\tIngvar Hj\u00e1lmarsson\t24:39<br \/>\n2.\tP\u00e9tur  Karlsson\t24:56<br \/>\n3.\tGunnar Fri\u00f0riksson\t25:53<\/p>\n<p><a href=\"http:\/\/fram.is\/wp-content\/uploads\/2019\/04\/3-km-d\u00f6mur-yngri-en-12-\u00e1ra.jpg\"><img loading=\"lazy\" decoding=\"async\" src=\"http:\/\/fram.is\/wp-content\/uploads\/2019\/04\/3-km-d\u00f6mur-yngri-en-12-\u00e1ra-150x150.jpg\" alt=\"\" width=\"150\" height=\"150\" class=\"alignleft size-thumbnail wp-image-20490\" \/><\/a><a href=\"http:\/\/fram.is\/wp-content\/uploads\/2019\/04\/3-km-herrar-yngri-en-12-\u00e1ra.jpg\"><img loading=\"lazy\" decoding=\"async\" src=\"http:\/\/fram.is\/wp-content\/uploads\/2019\/04\/3-km-herrar-yngri-en-12-\u00e1ra-150x150.jpg\" alt=\"\" width=\"150\" height=\"150\" class=\"alignleft size-thumbnail wp-image-20494\" \/><\/a><a href=\"http:\/\/fram.is\/wp-content\/uploads\/2019\/04\/3-km-d\u00f6mur-eldri-en-12-\u00e1ra.jpg\"><img loading=\"lazy\" decoding=\"async\" src=\"http:\/\/fram.is\/wp-content\/uploads\/2019\/04\/3-km-d\u00f6mur-eldri-en-12-\u00e1ra-150x150.jpg\" alt=\"\" width=\"150\" height=\"150\" class=\"alignleft size-thumbnail wp-image-20499\" \/><\/a><a href=\"http:\/\/fram.is\/wp-content\/uploads\/2019\/04\/3-km-herrar-eldri-en-12-\u00e1ra.jpg\"><img loading=\"lazy\" decoding=\"async\" src=\"http:\/\/fram.is\/wp-content\/uploads\/2019\/04\/3-km-herrar-eldri-en-12-\u00e1ra-150x150.jpg\" alt=\"\" width=\"150\" height=\"150\" class=\"alignleft size-thumbnail wp-image-20501\" \/><\/a><a href=\"http:\/\/fram.is\/wp-content\/uploads\/2019\/04\/5-km-d\u00f6mur-yngri-en-12-\u00e1ra.jpg\"><img loading=\"lazy\" decoding=\"async\" src=\"http:\/\/fram.is\/wp-content\/uploads\/2019\/04\/5-km-d\u00f6mur-yngri-en-12-\u00e1ra-150x150.jpg\" alt=\"\" width=\"150\" height=\"150\" class=\"alignleft size-thumbnail wp-image-20503\" \/><\/a><a href=\"http:\/\/fram.is\/wp-content\/uploads\/2019\/04\/5-km-herrar-yngri-en-12-\u00e1ra.jpg\"><img loading=\"lazy\" decoding=\"async\" src=\"http:\/\/fram.is\/wp-content\/uploads\/2019\/04\/5-km-herrar-yngri-en-12-\u00e1ra-150x150.jpg\" alt=\"\" width=\"150\" height=\"150\" class=\"alignleft size-thumbnail wp-image-20505\" \/><\/a><a href=\"http:\/\/fram.is\/wp-content\/uploads\/2019\/04\/5-km-d\u00f6mur-eldri-en-12-\u00e1ra.jpg\"><img loading=\"lazy\" decoding=\"async\" src=\"http:\/\/fram.is\/wp-content\/uploads\/2019\/04\/5-km-d\u00f6mur-eldri-en-12-\u00e1ra-150x150.jpg\" alt=\"\" width=\"150\" height=\"150\" class=\"alignleft size-thumbnail wp-image-20507\" \/><\/a><a href=\"http:\/\/fram.is\/wp-content\/uploads\/2019\/04\/5-km-herrar-eldri-en-12-\u00e1ra.jpg\"><img loading=\"lazy\" decoding=\"async\" src=\"http:\/\/fram.is\/wp-content\/uploads\/2019\/04\/5-km-herrar-eldri-en-12-\u00e1ra-150x150.jpg\" alt=\"\" width=\"150\" height=\"150\" class=\"alignleft size-thumbnail wp-image-20509\" \/><\/a><a href=\"http:\/\/fram.is\/wp-content\/uploads\/2019\/04\/Ver\u00f0launaafhending.jpg\"><img loading=\"lazy\" decoding=\"async\" src=\"http:\/\/fram.is\/wp-content\/uploads\/2019\/04\/Ver\u00f0launaafhending-150x150.jpg\" alt=\"\" width=\"150\" height=\"150\" class=\"alignleft size-thumbnail wp-image-20511\" \/><\/a><\/p>","protected":false},"excerpt":{"rendered":"<p>Sumarhlaup FRAM 2019 var venju samkv\u00e6mt haldi\u00f0 a\u00f0 morgni sumardagsins fyrsta \u00ed Grafarholtinu. Met\u00fe\u00e1tttaka var \u00ed hlaupinu \u00ed \u00e1r en alls luku 62 hlauparar keppni. Ve\u00f0ri\u00f0 l\u00e9k vi\u00f0 hvurn sinn [&hellip;]<\/p>","protected":false},"author":6,"featured_media":20482,"comment_status":"open","ping_status":"open","sticky":false,"template":"","format":"standard","meta":{"_monsterinsights_skip_tracking":false,"_monsterinsights_sitenote_active":false,"_monsterinsights_sitenote_note":"","_monsterinsights_sitenote_category":0,"_jetpack_memberships_contains_paid_content":false,"footnotes":""},"categories":[16],"tags":[],"class_list":["post-20478","post","type-post","status-publish","format-standard","has-post-thumbnail","hentry","category-almenndeild"],"jetpack_sharing_enabled":true,"jetpack_featured_media_url":"https:\/\/fram.is\/wp-content\/uploads\/2019\/04\/Starti\u00f0.jpg","_links":{"self":[{"href":"https:\/\/fram.is\/is\/wp-json\/wp\/v2\/posts\/20478","targetHints":{"allow":["GET"]}}],"collection":[{"href":"https:\/\/fram.is\/is\/wp-json\/wp\/v2\/posts"}],"about":[{"href":"https:\/\/fram.is\/is\/wp-json\/wp\/v2\/types\/post"}],"author":[{"embeddable":true,"href":"https:\/\/fram.is\/is\/wp-json\/wp\/v2\/users\/6"}],"replies":[{"embeddable":true,"href":"https:\/\/fram.is\/is\/wp-json\/wp\/v2\/comments?post=20478"}],"version-history":[{"count":0,"href":"https:\/\/fram.is\/is\/wp-json\/wp\/v2\/posts\/20478\/revisions"}],"wp:featuredmedia":[{"embeddable":true,"href":"https:\/\/fram.is\/is\/wp-json\/wp\/v2\/media\/20482"}],"wp:attachment":[{"href":"https:\/\/fram.is\/is\/wp-json\/wp\/v2\/media?parent=20478"}],"wp:term":[{"taxonomy":"category","embeddable":true,"href":"https:\/\/fram.is\/is\/wp-json\/wp\/v2\/categories?post=20478"},{"taxonomy":"post_tag","embeddable":true,"href":"https:\/\/fram.is\/is\/wp-json\/wp\/v2\/tags?post=20478"}],"curies":[{"name":"wp","href":"https:\/\/api.w.org\/{rel}","templated":true}]}}