{"id":20576,"date":"2019-05-07T09:49:34","date_gmt":"2019-05-07T09:49:34","guid":{"rendered":"http:\/\/fram.is\/?p=20576"},"modified":"2019-05-07T09:49:34","modified_gmt":"2019-05-07T09:49:34","slug":"viktor-gisli-hallgrimsson-semur-vid-gog","status":"publish","type":"post","link":"https:\/\/fram.is\/is\/2019\/05\/07\/viktor-gisli-hallgrimsson-semur-vid-gog\/","title":{"rendered":"Viktor G\u00edsli Hallgr\u00edmsson semur vi\u00f0 GOG"},"content":{"rendered":"<p><a href=\"http:\/\/fram.is\/is\/2019\/03\/viktor-gisli-valinn-i-landslidshop-islands\/16-viktor-gisli-hallgrimsson\/\"><img fetchpriority=\"high\" decoding=\"async\" class=\"alignright size-medium wp-image-19241\" src=\"http:\/\/fram.is\/wp-content\/uploads\/2018\/10\/16-Viktor-G\u00edsli-Hallgr\u00edmsson-300x300.jpg\" alt=\"\" width=\"300\" height=\"300\" \/><\/a>Viktor G\u00edsli Hallgr\u00edmsson yfirgefur herb\u00fa\u00f0ir\u00a0 Fram \u00ed sumar og heldur \u00ed atvinnumennsku en hann hefur gert samning vi\u00f0 danska li\u00f0i\u00f0 GOG sem er eitt sigurs\u00e6lasta li\u00f0 danskrar deildarkeppni.<\/p>\n<p>Viktor spila\u00f0i sinn fyrsta leik fyrir Fram \u00e1ri\u00f0 2016 \u00fe\u00e1 a\u00f0eins 16 \u00e1ra gamall. \u00c1 s\u00ednu fyrsta t\u00edmabili \u00ed meistaraflokk Fram spila\u00f0i Viktor 29 m\u00f3tsleiki og \u00fe\u00e1 var flestum lj\u00f3st a\u00f0 h\u00e9r var \u00e1 fer\u00f0inni gr\u00ed\u00f0arlegt efni.<\/p>\n<p>\u00deau \u00ferj\u00fa t\u00edmabil sem Viktor hefur spila\u00f0 fyrir a\u00f0alli\u00f0 Fram, fr\u00e1 16-19 \u00e1ra aldri, \u00e1 hann hvorki meira n\u00e9 minna en 79 leiki a\u00f0 baki fyrir li\u00f0i\u00f0 og hefur n\u00fdlega veri\u00f0 valinn \u00ed A-landsli\u00f0 karla \u00e1samt \u00fev\u00ed a\u00f0 eiga a\u00f0 baki mikinn fj\u00f6lda leikja fyrir yngri landsli\u00f0 \u00cdslands.<\/p>\n<p>Vi\u00f0 Framarar erum mj\u00f6g stoltir af Viktori G\u00edsla og \u00fev\u00ed sem hann hefur lagt af m\u00f6rkum til f\u00e9lagsins.<\/p>\n<p>Vi\u00f0 viljum \u00feakka honum k\u00e6rlega fyrir samstarfi\u00f0 og \u00f3skum honum g\u00f3\u00f0s gengis og alls hins besta \u00ed vegfer\u00f0 sinni \u00e1 komandi \u00e1rum.<\/p>\n<p>Mundu eitt drengur, \u00fe\u00fa ert alltaf velkominn heim!<\/p>\n<p>\u00c1fram Fram.<\/p>\n<p>&nbsp;<\/p>","protected":false},"excerpt":{"rendered":"<p>Viktor G\u00edsli Hallgr\u00edmsson yfirgefur herb\u00fa\u00f0ir\u00a0 Fram \u00ed sumar og heldur \u00ed atvinnumennsku en hann hefur gert samning vi\u00f0 danska li\u00f0i\u00f0 GOG sem er eitt sigurs\u00e6lasta li\u00f0 danskrar deildarkeppni. Viktor spila\u00f0i [&hellip;]<\/p>","protected":false},"author":4,"featured_media":19911,"comment_status":"open","ping_status":"open","sticky":false,"template":"","format":"standard","meta":{"_monsterinsights_skip_tracking":false,"_monsterinsights_sitenote_active":false,"_monsterinsights_sitenote_note":"","_monsterinsights_sitenote_category":0,"_jetpack_memberships_contains_paid_content":false,"footnotes":""},"categories":[6,19],"tags":[],"class_list":["post-20576","post","type-post","status-publish","format-standard","has-post-thumbnail","hentry","category-handbolti","category-mfl-karla"],"jetpack_sharing_enabled":true,"jetpack_featured_media_url":"https:\/\/fram.is\/wp-content\/uploads\/2019\/02\/Viktor-g\u00edsli-vefur.jpg","_links":{"self":[{"href":"https:\/\/fram.is\/is\/wp-json\/wp\/v2\/posts\/20576","targetHints":{"allow":["GET"]}}],"collection":[{"href":"https:\/\/fram.is\/is\/wp-json\/wp\/v2\/posts"}],"about":[{"href":"https:\/\/fram.is\/is\/wp-json\/wp\/v2\/types\/post"}],"author":[{"embeddable":true,"href":"https:\/\/fram.is\/is\/wp-json\/wp\/v2\/users\/4"}],"replies":[{"embeddable":true,"href":"https:\/\/fram.is\/is\/wp-json\/wp\/v2\/comments?post=20576"}],"version-history":[{"count":0,"href":"https:\/\/fram.is\/is\/wp-json\/wp\/v2\/posts\/20576\/revisions"}],"wp:featuredmedia":[{"embeddable":true,"href":"https:\/\/fram.is\/is\/wp-json\/wp\/v2\/media\/19911"}],"wp:attachment":[{"href":"https:\/\/fram.is\/is\/wp-json\/wp\/v2\/media?parent=20576"}],"wp:term":[{"taxonomy":"category","embeddable":true,"href":"https:\/\/fram.is\/is\/wp-json\/wp\/v2\/categories?post=20576"},{"taxonomy":"post_tag","embeddable":true,"href":"https:\/\/fram.is\/is\/wp-json\/wp\/v2\/tags?post=20576"}],"curies":[{"name":"wp","href":"https:\/\/api.w.org\/{rel}","templated":true}]}}