{"id":20600,"date":"2019-05-08T09:29:28","date_gmt":"2019-05-08T09:29:28","guid":{"rendered":"http:\/\/fram.is\/?p=20600"},"modified":"2019-05-08T09:29:28","modified_gmt":"2019-05-08T09:29:28","slug":"uppalinn-framari-a-leid-heim","status":"publish","type":"post","link":"https:\/\/fram.is\/is\/2019\/05\/08\/uppalinn-framari-a-leid-heim\/","title":{"rendered":"Uppalinn FRAMari \u00e1 lei\u00f0 heim !"},"content":{"rendered":"<p><a href=\"http:\/\/fram.is\/is\/?attachment_id=20601\"><img fetchpriority=\"high\" decoding=\"async\" class=\"alignright size-medium wp-image-20601\" src=\"http:\/\/fram.is\/wp-content\/uploads\/2019\/05\/Stef\u00e1n-Darri-\u00ed-leik-300x300.jpg\" alt=\"\" width=\"300\" height=\"300\" \/><\/a>Stef\u00e1n Darri \u00de\u00f3rsson hefur skrifa\u00f0i undir samning vi\u00f0 FRAM til \u00e1risns 2022.<\/p>\n<p>Stef\u00e1n Darra \u00fearf varla a\u00f0 kynna fyrir okkur Fr\u00f6murum. Spila\u00f0i upp alla yngri flokkana me\u00f0 f\u00e9laginu, \u00e1samt \u00fev\u00ed a\u00f0 hefja sinn meistaraflokksferil me\u00f0 FRAM.\u00a0 \u00a0Stef\u00e1n Darri var\u00f0 \u00cdslandsmeistari me\u00f0 FRAM \u00e1ri\u00f0 2013 og \u00e1 a\u00f0 baki leiki me\u00f0 yngri landsli\u00f0um \u00edslands.<\/p>\n<p>Eftir \u00ferj\u00fa \u00e1r \u00ed burtu, n\u00fa s\u00ed\u00f0ast me\u00f0 Madr\u00eddar li\u00f0inu BM Alcobendas\u00a0 sem leikur \u00ed efstu deild \u00e1 Sp\u00e1ni, er hann m\u00e6ttur \u00ed heimahagann.<\/p>\n<p>Vi\u00f0 bj\u00f3\u00f0um Stef\u00e1n Darra \u00a0velkominn \u00ed FRAM.<\/p>\n<p>\u00dea\u00f0 m\u00e1 v\u00e6nta frekari fr\u00e9tta af leikmannam\u00e1lum \u00e1 n\u00e6stunni.<\/p>\n<p>Handknattleiksdeild FRAM<\/p>\n<p>&nbsp;<\/p>","protected":false},"excerpt":{"rendered":"<p>Stef\u00e1n Darri \u00de\u00f3rsson hefur skrifa\u00f0i undir samning vi\u00f0 FRAM til \u00e1risns 2022. Stef\u00e1n Darra \u00fearf varla a\u00f0 kynna fyrir okkur Fr\u00f6murum. Spila\u00f0i upp alla yngri flokkana me\u00f0 f\u00e9laginu, \u00e1samt \u00fev\u00ed [&hellip;]<\/p>","protected":false},"author":4,"featured_media":20603,"comment_status":"open","ping_status":"open","sticky":false,"template":"","format":"standard","meta":{"_monsterinsights_skip_tracking":false,"_monsterinsights_sitenote_active":false,"_monsterinsights_sitenote_note":"","_monsterinsights_sitenote_category":0,"footnotes":""},"categories":[6,19],"tags":[],"class_list":["post-20600","post","type-post","status-publish","format-standard","has-post-thumbnail","hentry","category-handbolti","category-mfl-karla"],"jetpack_featured_media_url":"https:\/\/fram.is\/wp-content\/uploads\/2019\/05\/Stef\u00e1n-Darri-\u00ed-leik-vefur.jpg","_links":{"self":[{"href":"https:\/\/fram.is\/is\/wp-json\/wp\/v2\/posts\/20600","targetHints":{"allow":["GET"]}}],"collection":[{"href":"https:\/\/fram.is\/is\/wp-json\/wp\/v2\/posts"}],"about":[{"href":"https:\/\/fram.is\/is\/wp-json\/wp\/v2\/types\/post"}],"author":[{"embeddable":true,"href":"https:\/\/fram.is\/is\/wp-json\/wp\/v2\/users\/4"}],"replies":[{"embeddable":true,"href":"https:\/\/fram.is\/is\/wp-json\/wp\/v2\/comments?post=20600"}],"version-history":[{"count":0,"href":"https:\/\/fram.is\/is\/wp-json\/wp\/v2\/posts\/20600\/revisions"}],"wp:featuredmedia":[{"embeddable":true,"href":"https:\/\/fram.is\/is\/wp-json\/wp\/v2\/media\/20603"}],"wp:attachment":[{"href":"https:\/\/fram.is\/is\/wp-json\/wp\/v2\/media?parent=20600"}],"wp:term":[{"taxonomy":"category","embeddable":true,"href":"https:\/\/fram.is\/is\/wp-json\/wp\/v2\/categories?post=20600"},{"taxonomy":"post_tag","embeddable":true,"href":"https:\/\/fram.is\/is\/wp-json\/wp\/v2\/tags?post=20600"}],"curies":[{"name":"wp","href":"https:\/\/api.w.org\/{rel}","templated":true}]}}