{"id":2062,"date":"2013-02-12T15:04:43","date_gmt":"2013-02-12T15:04:43","guid":{"rendered":"http:\/\/fram.is\/?p=2062"},"modified":"2013-02-12T15:04:43","modified_gmt":"2013-02-12T15:04:43","slug":"johann-gunnar-var-valinn-i-urvalslid-n1-deildarinnar","status":"publish","type":"post","link":"https:\/\/fram.is\/is\/2013\/02\/12\/johann-gunnar-var-valinn-i-urvalslid-n1-deildarinnar\/","title":{"rendered":"J\u00f3hann Gunnar var valinn \u00ed \u00farvalsli\u00f0 N1-deildarinnar"},"content":{"rendered":"<figure id=\"attachment_2066\" aria-describedby=\"caption-attachment-2066\" style=\"width: 300px\" class=\"wp-caption alignleft\"><a href=\"http:\/\/fram.is\/wp-content\/uploads\/2013\/02\/Umferdir-8-14-2013-N1-KK.jpg\"><img fetchpriority=\"high\" decoding=\"async\" class=\"size-medium wp-image-2066\" alt=\"Mynd: HS\u00cd\" src=\"http:\/\/fram.is\/wp-content\/uploads\/2013\/02\/Umferdir-8-14-2013-N1-KK-300x271.jpg\" width=\"300\" height=\"271\" srcset=\"https:\/\/fram.is\/wp-content\/uploads\/2013\/02\/Umferdir-8-14-2013-N1-KK-300x271.jpg 300w, https:\/\/fram.is\/wp-content\/uploads\/2013\/02\/Umferdir-8-14-2013-N1-KK-800x723.jpg 800w, https:\/\/fram.is\/wp-content\/uploads\/2013\/02\/Umferdir-8-14-2013-N1-KK-1024x926.jpg 1024w, https:\/\/fram.is\/wp-content\/uploads\/2013\/02\/Umferdir-8-14-2013-N1-KK-768x694.jpg 768w, https:\/\/fram.is\/wp-content\/uploads\/2013\/02\/Umferdir-8-14-2013-N1-KK-1536x1389.jpg 1536w, https:\/\/fram.is\/wp-content\/uploads\/2013\/02\/Umferdir-8-14-2013-N1-KK.jpg 1575w\" sizes=\"(max-width: 300px) 100vw, 300px\" \/><\/a><figcaption id=\"caption-attachment-2066\" class=\"wp-caption-text\">Mynd: HS\u00cd<\/figcaption><\/figure>\n<p>J\u00f3hann Gunnar Einarsson, leikma\u00f0ur FRAM, var \u00ed dag valinn \u00ed \u00farvalsli\u00f0 annars \u00feri\u00f0jungs N1-deildar karla \u00ed handknattleik, e\u00f0a umfer\u00f0a 8 til 14. \u00a0\u00cd li\u00f0inu eiga s\u00e6ti \u00fer\u00edr leikmenn \u00far FH, tveir \u00far \u00cdR, einn \u00far Haukum og J\u00f3hann Gunnar \u00far FRAM.<\/p>\n<p><strong>\u00darvalsli\u00f0 N1-deildar karla, umfer\u00f0ir 8-14:<br \/>\n<\/strong><strong>Markv\u00f6r\u00f0ur:\u00a0<\/strong>Dan\u00edel Andr\u00e9sson &#8211; FH<br \/>\n<strong>Vinstra horn:\u00a0<\/strong>Sturla \u00c1sgeirsson &#8211; \u00cdR<br \/>\n<strong>Vinstri skytta:\u00a0<\/strong>Bj\u00f6rgvin H\u00f3lmgeirsson &#8211; \u00cdR<br \/>\n<strong>Mi\u00f0juma\u00f0ur:\u00a0<\/strong>\u00c1sbj\u00f6rn Fri\u00f0riksson &#8211; FH<br \/>\n<strong>H\u00e6gri skytta:\u00a0<\/strong>J\u00f3hann Gunnar Einarsson &#8211; FRAM<br \/>\n<strong>H\u00e6gra horn: \u00a0<\/strong>Einar Rafn Ei\u00f0sson &#8211; FH<br \/>\n<strong>L\u00ednuma\u00f0ur:\u00a0<\/strong>J\u00f3n \u00deorbj\u00f6rn J\u00f3hannsson &#8211; Haukar<\/p>\n<p><strong>Besti leikma\u00f0ur umfer\u00f0a 8-14:<br \/>\n<\/strong>\u00c1sbj\u00f6rn Fri\u00f0riksson &#8211; FH<br \/>\n<strong>Besti varnarma\u00f0ur umfer\u00f0a 8-14:<br \/>\n<\/strong>J\u00f3n \u00deorbj\u00f6rn J\u00f3hannsson &#8211; Haukar<br \/>\n<strong>Besti \u00fej\u00e1lfari umfer\u00f0a 8-14:<br \/>\n<\/strong>Einar Andri Einarsson &#8211; FH<\/p>\n<p><strong>D\u00f3marar umfer\u00f0 8-14:<br \/>\n<\/strong>Anton Gylfi P\u00e1lsson og Hlynur Leifsson<\/p>\n<p><strong>Besta umgj\u00f6r\u00f0:<br \/>\n<\/strong>Akureyri.<\/p>","protected":false},"excerpt":{"rendered":"<p>J\u00f3hann Gunnar Einarsson, leikma\u00f0ur FRAM, var \u00ed dag valinn \u00ed \u00farvalsli\u00f0 annars \u00feri\u00f0jungs N1-deildar karla \u00ed handknattleik, e\u00f0a umfer\u00f0a 8 til 14. \u00a0\u00cd li\u00f0inu eiga s\u00e6ti \u00fer\u00edr leikmenn \u00far FH, [&hellip;]<\/p>","protected":false},"author":3,"featured_media":2065,"comment_status":"open","ping_status":"open","sticky":false,"template":"","format":"standard","meta":{"_monsterinsights_skip_tracking":false,"_monsterinsights_sitenote_active":false,"_monsterinsights_sitenote_note":"","_monsterinsights_sitenote_category":0,"_jetpack_memberships_contains_paid_content":false,"footnotes":""},"categories":[6,19],"tags":[],"class_list":["post-2062","post","type-post","status-publish","format-standard","has-post-thumbnail","hentry","category-handbolti","category-mfl-karla"],"jetpack_sharing_enabled":true,"jetpack_featured_media_url":"https:\/\/fram.is\/wp-content\/uploads\/2013\/02\/JGE2.jpg","_links":{"self":[{"href":"https:\/\/fram.is\/is\/wp-json\/wp\/v2\/posts\/2062","targetHints":{"allow":["GET"]}}],"collection":[{"href":"https:\/\/fram.is\/is\/wp-json\/wp\/v2\/posts"}],"about":[{"href":"https:\/\/fram.is\/is\/wp-json\/wp\/v2\/types\/post"}],"author":[{"embeddable":true,"href":"https:\/\/fram.is\/is\/wp-json\/wp\/v2\/users\/3"}],"replies":[{"embeddable":true,"href":"https:\/\/fram.is\/is\/wp-json\/wp\/v2\/comments?post=2062"}],"version-history":[{"count":0,"href":"https:\/\/fram.is\/is\/wp-json\/wp\/v2\/posts\/2062\/revisions"}],"wp:featuredmedia":[{"embeddable":true,"href":"https:\/\/fram.is\/is\/wp-json\/wp\/v2\/media\/2065"}],"wp:attachment":[{"href":"https:\/\/fram.is\/is\/wp-json\/wp\/v2\/media?parent=2062"}],"wp:term":[{"taxonomy":"category","embeddable":true,"href":"https:\/\/fram.is\/is\/wp-json\/wp\/v2\/categories?post=2062"},{"taxonomy":"post_tag","embeddable":true,"href":"https:\/\/fram.is\/is\/wp-json\/wp\/v2\/tags?post=2062"}],"curies":[{"name":"wp","href":"https:\/\/api.w.org\/{rel}","templated":true}]}}