{"id":20633,"date":"2019-05-10T13:04:40","date_gmt":"2019-05-10T13:04:40","guid":{"rendered":"http:\/\/fram.is\/?p=20633"},"modified":"2019-05-10T13:04:40","modified_gmt":"2019-05-10T13:04:40","slug":"matthias-bernhoj-dadason-hefur-framlengt-samning-sinn-vid-fram","status":"publish","type":"post","link":"https:\/\/fram.is\/is\/2019\/05\/10\/matthias-bernhoj-dadason-hefur-framlengt-samning-sinn-vid-fram\/","title":{"rendered":"Matth\u00edas Bernh\u00f8j Da\u00f0ason hefur framlengt samning sinn vi\u00f0 FRAM"},"content":{"rendered":"<p><a href=\"http:\/\/fram.is\/is\/2017\/12\/surt-tap-a-selfossi\/matthias-dadason\/\"><img fetchpriority=\"high\" decoding=\"async\" class=\"alignright size-medium wp-image-16943\" src=\"http:\/\/fram.is\/wp-content\/uploads\/2017\/12\/Matth\u00edas-Da\u00f0ason-300x300.jpg\" alt=\"\" width=\"300\" height=\"300\" \/><\/a>Matth\u00edas Bernh\u00f8j Da\u00f0ason hefur framlengt samning sinn vi\u00f0 Fram til \u00e1rsins 2021.<\/p>\n<p>Matth\u00edas er f\u00e6ddur \u00e1ri\u00f0 1991 og er uppalinn Framari. Matth\u00edas kom til li\u00f0s vi\u00f0 okkur a\u00f0 n\u00fdju \u00e1ri\u00f0 2017 eftir a\u00f0 hafa eytt nokkrum \u00e1rum \u00ed d\u00f6nsku \u00farvaldsdeildinni.<\/p>\n<p>Matth\u00edas er vinstri hornama\u00f0ur a\u00f0 upplagi og getur leyst flestar st\u00f6\u00f0ur \u00ed varnarleiknum.<\/p>\n<p>Vi\u00f0 f\u00f6gnum \u00e1framhaldandi samstarfi vi\u00f0 Matth\u00edas og er hann st\u00f3r li\u00f0ur \u00ed \u00fev\u00ed a\u00f0 setja saman sterkt li\u00f0 fyrir n\u00e6sta t\u00edmabil og gera betur en \u00e1 \u00fev\u00ed s\u00ed\u00f0asta.<\/p>\n<p>\u00c1fram FRAM<\/p>","protected":false},"excerpt":{"rendered":"<p>Matth\u00edas Bernh\u00f8j Da\u00f0ason hefur framlengt samning sinn vi\u00f0 Fram til \u00e1rsins 2021. Matth\u00edas er f\u00e6ddur \u00e1ri\u00f0 1991 og er uppalinn Framari. Matth\u00edas kom til li\u00f0s vi\u00f0 okkur a\u00f0 n\u00fdju \u00e1ri\u00f0 [&hellip;]<\/p>","protected":false},"author":4,"featured_media":17730,"comment_status":"open","ping_status":"open","sticky":false,"template":"","format":"standard","meta":{"_monsterinsights_skip_tracking":false,"_monsterinsights_sitenote_active":false,"_monsterinsights_sitenote_note":"","_monsterinsights_sitenote_category":0,"footnotes":""},"categories":[6,19],"tags":[],"class_list":["post-20633","post","type-post","status-publish","format-standard","has-post-thumbnail","hentry","category-handbolti","category-mfl-karla"],"jetpack_featured_media_url":"https:\/\/fram.is\/wp-content\/uploads\/2018\/03\/matti-gegn-Selfoss-vefur.jpg","_links":{"self":[{"href":"https:\/\/fram.is\/is\/wp-json\/wp\/v2\/posts\/20633","targetHints":{"allow":["GET"]}}],"collection":[{"href":"https:\/\/fram.is\/is\/wp-json\/wp\/v2\/posts"}],"about":[{"href":"https:\/\/fram.is\/is\/wp-json\/wp\/v2\/types\/post"}],"author":[{"embeddable":true,"href":"https:\/\/fram.is\/is\/wp-json\/wp\/v2\/users\/4"}],"replies":[{"embeddable":true,"href":"https:\/\/fram.is\/is\/wp-json\/wp\/v2\/comments?post=20633"}],"version-history":[{"count":0,"href":"https:\/\/fram.is\/is\/wp-json\/wp\/v2\/posts\/20633\/revisions"}],"wp:featuredmedia":[{"embeddable":true,"href":"https:\/\/fram.is\/is\/wp-json\/wp\/v2\/media\/17730"}],"wp:attachment":[{"href":"https:\/\/fram.is\/is\/wp-json\/wp\/v2\/media?parent=20633"}],"wp:term":[{"taxonomy":"category","embeddable":true,"href":"https:\/\/fram.is\/is\/wp-json\/wp\/v2\/categories?post=20633"},{"taxonomy":"post_tag","embeddable":true,"href":"https:\/\/fram.is\/is\/wp-json\/wp\/v2\/tags?post=20633"}],"curies":[{"name":"wp","href":"https:\/\/api.w.org\/{rel}","templated":true}]}}