{"id":20637,"date":"2019-05-10T22:44:47","date_gmt":"2019-05-10T22:44:47","guid":{"rendered":"http:\/\/fram.is\/?p=20637"},"modified":"2019-05-10T22:44:47","modified_gmt":"2019-05-10T22:44:47","slug":"dadey-asta-valinn-i-aefingahop-islands-u17-2","status":"publish","type":"post","link":"https:\/\/fram.is\/is\/2019\/05\/10\/dadey-asta-valinn-i-aefingahop-islands-u17-2\/","title":{"rendered":"Da\u00f0ey \u00c1sta valinn \u00ed \u00e6fingah\u00f3p \u00cdslands U17"},"content":{"rendered":"<p><a href=\"http:\/\/fram.is\/is\/2018\/12\/dadey-asta-valinn-i-aefingahop-islands-u17\/dadey-asta-3\/\"><img fetchpriority=\"high\" decoding=\"async\" class=\"alignright size-medium wp-image-19731\" src=\"http:\/\/fram.is\/wp-content\/uploads\/2018\/12\/Da\u00f0ey-\u00c1sta-300x300.jpg\" alt=\"\" width=\"300\" height=\"300\" \/><\/a>Rakel D\u00f6gg Bragad\u00f3ttir og Sigurj\u00f3n Fri\u00f0bj\u00f6rn Bj\u00f6rnsson \u00fej\u00e1lfarar 17 \u00e1ra landsli\u00f0s kvenna hafa vali\u00f0 h\u00f3p sem kemur saman til \u00e6finga n\u00fana \u00ed ma\u00ed.<br \/>\n\u00c6fingarnar hefjast me\u00f0 l\u00edkamlegum pr\u00f3fum \u00ed samstarfi vi\u00f0 H\u00e1sk\u00f3lann \u00ed Reykjav\u00edk og s\u00ed\u00f0an ver\u00f0ur \u00e6ft \u00ed sal \u00ed framhaldinu.<\/p>\n<p>Vi\u00f0 FRAMarar erum stoltir af \u00fev\u00ed a\u00f0 eiga einn fulltr\u00faa \u00ed \u00feessum \u00e6fingah\u00f3pi en Da\u00f0ey \u00c1sa H\u00e1lfd\u00e1nsd\u00f3ttir var valinn fr\u00e1 FRAM a\u00f0 \u00feessu sinni.<\/p>\n<p>Da\u00f0ey \u00c1sta H\u00e1lfd\u00e1nsd\u00f3ttir\u00a0\u00a0\u00a0\u00a0\u00a0\u00a0\u00a0\u00a0\u00a0\u00a0\u00a0\u00a0\u00a0\u00a0\u00a0\u00a0\u00a0\u00a0\u00a0\u00a0\u00a0\u00a0\u00a0\u00a0\u00a0\u00a0 FRAM<\/p>\n<p>Gangi \u00fe\u00e9r vel Da\u00f0ey \u00c1sta.<\/p>\n<p>\u00c1FRAM FRAM<\/p>","protected":false},"excerpt":{"rendered":"<p>Rakel D\u00f6gg Bragad\u00f3ttir og Sigurj\u00f3n Fri\u00f0bj\u00f6rn Bj\u00f6rnsson \u00fej\u00e1lfarar 17 \u00e1ra landsli\u00f0s kvenna hafa vali\u00f0 h\u00f3p sem kemur saman til \u00e6finga n\u00fana \u00ed ma\u00ed. \u00c6fingarnar hefjast me\u00f0 l\u00edkamlegum pr\u00f3fum \u00ed samstarfi [&hellip;]<\/p>","protected":false},"author":4,"featured_media":19732,"comment_status":"open","ping_status":"open","sticky":false,"template":"","format":"standard","meta":{"_monsterinsights_skip_tracking":false,"_monsterinsights_sitenote_active":false,"_monsterinsights_sitenote_note":"","_monsterinsights_sitenote_category":0,"footnotes":""},"categories":[7,6],"tags":[],"class_list":["post-20637","post","type-post","status-publish","format-standard","has-post-thumbnail","hentry","category-yngri-flokkar","category-handbolti"],"jetpack_featured_media_url":"https:\/\/fram.is\/wp-content\/uploads\/2018\/12\/Da\u00f0ey-\u00c1sta-gegn-UMFA-vefur.jpg","_links":{"self":[{"href":"https:\/\/fram.is\/is\/wp-json\/wp\/v2\/posts\/20637","targetHints":{"allow":["GET"]}}],"collection":[{"href":"https:\/\/fram.is\/is\/wp-json\/wp\/v2\/posts"}],"about":[{"href":"https:\/\/fram.is\/is\/wp-json\/wp\/v2\/types\/post"}],"author":[{"embeddable":true,"href":"https:\/\/fram.is\/is\/wp-json\/wp\/v2\/users\/4"}],"replies":[{"embeddable":true,"href":"https:\/\/fram.is\/is\/wp-json\/wp\/v2\/comments?post=20637"}],"version-history":[{"count":0,"href":"https:\/\/fram.is\/is\/wp-json\/wp\/v2\/posts\/20637\/revisions"}],"wp:featuredmedia":[{"embeddable":true,"href":"https:\/\/fram.is\/is\/wp-json\/wp\/v2\/media\/19732"}],"wp:attachment":[{"href":"https:\/\/fram.is\/is\/wp-json\/wp\/v2\/media?parent=20637"}],"wp:term":[{"taxonomy":"category","embeddable":true,"href":"https:\/\/fram.is\/is\/wp-json\/wp\/v2\/categories?post=20637"},{"taxonomy":"post_tag","embeddable":true,"href":"https:\/\/fram.is\/is\/wp-json\/wp\/v2\/tags?post=20637"}],"curies":[{"name":"wp","href":"https:\/\/api.w.org\/{rel}","templated":true}]}}