{"id":20770,"date":"2019-06-13T10:47:24","date_gmt":"2019-06-13T10:47:24","guid":{"rendered":"http:\/\/fram.is\/?p=20770"},"modified":"2019-06-13T10:47:24","modified_gmt":"2019-06-13T10:47:24","slug":"aron-fannar-sindrason-hefur-endurnyjad-samning-sinn-vid-fram","status":"publish","type":"post","link":"https:\/\/fram.is\/is\/2019\/06\/13\/aron-fannar-sindrason-hefur-endurnyjad-samning-sinn-vid-fram\/","title":{"rendered":"Aron Fannar Sindrason hefur endurn\u00fdja\u00f0 samning sinn vi\u00f0 FRAM"},"content":{"rendered":"<p><a href=\"http:\/\/fram.is\/is\/26-aron-fannar-sindrason\/\"><img fetchpriority=\"high\" decoding=\"async\" class=\"alignright size-large wp-image-19257\" src=\"http:\/\/fram.is\/wp-content\/uploads\/2018\/10\/26-Aron-Fannar-Sindrason-1024x1024.jpg\" alt=\"\" width=\"460\" height=\"460\" \/><\/a>Aron Fannar Sindrason hefur endurn\u00fdja\u00f0 samning sinn vi\u00f0 Fram til \u00e1rsins 2021.<\/p>\n<p>S\u00e6nski eins og hann er oft kalla\u00f0ur er f\u00e6ddur \u00e1ri\u00f0 1998 og er einn af \u00feeim sem er a\u00f0 skila s\u00e9r upp \u00far unglingastarfi f\u00e9lagsins. Hann er fj\u00f6lh\u00e6fur leikma\u00f0ur sem getur leiki\u00f0 sem skytta og l\u00ednuma\u00f0ur auk \u00feess semm hann er g\u00f3\u00f0ur varnarlega.<\/p>\n<p>\u00dea\u00f0 eru alltaf g\u00f3\u00f0 t\u00ed\u00f0indi \u00feegar ungir leikmenn vilja halda trygg\u00f0 vi\u00f0 uppeldisf\u00e9lagi\u00f0.<\/p>\n<p>\u00c1fram FRAM<\/p>","protected":false},"excerpt":{"rendered":"<p>Aron Fannar Sindrason hefur endurn\u00fdja\u00f0 samning sinn vi\u00f0 Fram til \u00e1rsins 2021. S\u00e6nski eins og hann er oft kalla\u00f0ur er f\u00e6ddur \u00e1ri\u00f0 1998 og er einn af \u00feeim sem er [&hellip;]<\/p>","protected":false},"author":4,"featured_media":20772,"comment_status":"open","ping_status":"open","sticky":false,"template":"","format":"standard","meta":{"_monsterinsights_skip_tracking":false,"_monsterinsights_sitenote_active":false,"_monsterinsights_sitenote_note":"","_monsterinsights_sitenote_category":0,"_jetpack_memberships_contains_paid_content":false,"footnotes":""},"categories":[6,19],"tags":[],"class_list":["post-20770","post","type-post","status-publish","format-standard","has-post-thumbnail","hentry","category-handbolti","category-mfl-karla"],"jetpack_sharing_enabled":true,"jetpack_featured_media_url":"https:\/\/fram.is\/wp-content\/uploads\/2019\/06\/U-li\u00f0-FRAM-haust-2018-vefur-1.jpg","_links":{"self":[{"href":"https:\/\/fram.is\/is\/wp-json\/wp\/v2\/posts\/20770","targetHints":{"allow":["GET"]}}],"collection":[{"href":"https:\/\/fram.is\/is\/wp-json\/wp\/v2\/posts"}],"about":[{"href":"https:\/\/fram.is\/is\/wp-json\/wp\/v2\/types\/post"}],"author":[{"embeddable":true,"href":"https:\/\/fram.is\/is\/wp-json\/wp\/v2\/users\/4"}],"replies":[{"embeddable":true,"href":"https:\/\/fram.is\/is\/wp-json\/wp\/v2\/comments?post=20770"}],"version-history":[{"count":0,"href":"https:\/\/fram.is\/is\/wp-json\/wp\/v2\/posts\/20770\/revisions"}],"wp:featuredmedia":[{"embeddable":true,"href":"https:\/\/fram.is\/is\/wp-json\/wp\/v2\/media\/20772"}],"wp:attachment":[{"href":"https:\/\/fram.is\/is\/wp-json\/wp\/v2\/media?parent=20770"}],"wp:term":[{"taxonomy":"category","embeddable":true,"href":"https:\/\/fram.is\/is\/wp-json\/wp\/v2\/categories?post=20770"},{"taxonomy":"post_tag","embeddable":true,"href":"https:\/\/fram.is\/is\/wp-json\/wp\/v2\/tags?post=20770"}],"curies":[{"name":"wp","href":"https:\/\/api.w.org\/{rel}","templated":true}]}}