{"id":20774,"date":"2019-06-13T22:30:28","date_gmt":"2019-06-13T22:30:28","guid":{"rendered":"http:\/\/fram.is\/?p=20774"},"modified":"2019-06-13T22:30:28","modified_gmt":"2019-06-13T22:30:28","slug":"hressar-fram-stelpur-a-tm-motinu-i-vestmannaeyjum","status":"publish","type":"post","link":"https:\/\/fram.is\/is\/2019\/06\/13\/hressar-fram-stelpur-a-tm-motinu-i-vestmannaeyjum\/","title":{"rendered":"Hressar FRAM stelpur \u00e1 TM m\u00f3tinu \u00ed Vestmannaeyjum"},"content":{"rendered":"<p><a href=\"http:\/\/fram.is\/is\/?attachment_id=20778\"><img fetchpriority=\"high\" decoding=\"async\" class=\"alignright size-large wp-image-20778\" src=\"http:\/\/fram.is\/wp-content\/uploads\/2019\/06\/5.-fl-890x1024.jpg\" alt=\"\" width=\"460\" height=\"529\" \/><\/a>Stelpurnar okkar \u00ed 5. fl.kvenna taka n\u00fa \u00fe\u00e1tt \u00ed TM m\u00f3tinu \u00ed Vestmannaeyjum.\u00a0 M\u00f3ti\u00f0 gengur vel, ve\u00f0ri\u00f0 leikur vi\u00f0 keppendur og hafa stelpurnar okkar veri\u00f0 spila lj\u00f3mandi f\u00f3tbolta \u00e1 \u00feessu fyrsta keppnisdegi.<\/p>\n<p>Stelpurnar hafa l\u00edka skemmt s\u00e9r vel og voru s\u00e9rlega k\u00e1tar \u00ed dag \u00feegar \u00fe\u00e6r hittu forseta \u00cdslands, forseta \u00de\u00fdskalands, go\u00f0s\u00f6gnina \u00c1sgeir Sigurvinsson og Heimi Hallgr\u00edmsson. \u00de\u00e6r voru \u00fev\u00ed flj\u00f3tar a\u00f0 stilla s\u00e9r upp me\u00f0 \u00feessu merkisf\u00f3lki og f\u00f3ru a\u00f0 s\u00f6gn heimildarmanna alveg \u00e1 kostum me\u00f0 \u00feessum ge\u00f0\u00feekku gestum TM m\u00f3tisins sem kunnu a\u00f0 meta okkar stelpur.<\/p>\n<p>\u00cd kv\u00f6ld var svo vel heppnu\u00f0 kv\u00f6ldvaka og h\u00e6fileikakeppni, \u00a0\u00e1\u00f0ur en haldi\u00f0 var \u00ed h\u00e1ttinn til a\u00f0 undirb\u00faa sig vi\u00f0 keppni morgundagsins.\u00a0 Allar s\u00e1ttar og gla\u00f0ar eftir \u00e6vit\u00fdri dagsins.<\/p>\n<p>FRAMarar gangi ykkur vel.<\/p>\n<p>\u00c1FRAM FRAM<\/p>","protected":false},"excerpt":{"rendered":"<p>Stelpurnar okkar \u00ed 5. fl.kvenna taka n\u00fa \u00fe\u00e1tt \u00ed TM m\u00f3tinu \u00ed Vestmannaeyjum.\u00a0 M\u00f3ti\u00f0 gengur vel, ve\u00f0ri\u00f0 leikur vi\u00f0 keppendur og hafa stelpurnar okkar veri\u00f0 spila lj\u00f3mandi f\u00f3tbolta \u00e1 \u00feessu [&hellip;]<\/p>","protected":false},"author":4,"featured_media":20776,"comment_status":"open","ping_status":"open","sticky":false,"template":"","format":"standard","meta":{"_monsterinsights_skip_tracking":false,"_monsterinsights_sitenote_active":false,"_monsterinsights_sitenote_note":"","_monsterinsights_sitenote_category":0,"_jetpack_memberships_contains_paid_content":false,"footnotes":""},"categories":[9,13],"tags":[],"class_list":["post-20774","post","type-post","status-publish","format-standard","has-post-thumbnail","hentry","category-fotbolti","category-yngriflokkar"],"jetpack_sharing_enabled":true,"jetpack_featured_media_url":"https:\/\/fram.is\/wp-content\/uploads\/2019\/06\/5.-fl.kv_.-Eyjam\u00f3t-2019-me\u00f0-forsetum-\u00cdSl-og-\u00de\u00fds-\u00c1sgeir-Sigurvins-og-Heimi-Hallgr\u00edms-scaled.jpg","_links":{"self":[{"href":"https:\/\/fram.is\/is\/wp-json\/wp\/v2\/posts\/20774","targetHints":{"allow":["GET"]}}],"collection":[{"href":"https:\/\/fram.is\/is\/wp-json\/wp\/v2\/posts"}],"about":[{"href":"https:\/\/fram.is\/is\/wp-json\/wp\/v2\/types\/post"}],"author":[{"embeddable":true,"href":"https:\/\/fram.is\/is\/wp-json\/wp\/v2\/users\/4"}],"replies":[{"embeddable":true,"href":"https:\/\/fram.is\/is\/wp-json\/wp\/v2\/comments?post=20774"}],"version-history":[{"count":0,"href":"https:\/\/fram.is\/is\/wp-json\/wp\/v2\/posts\/20774\/revisions"}],"wp:featuredmedia":[{"embeddable":true,"href":"https:\/\/fram.is\/is\/wp-json\/wp\/v2\/media\/20776"}],"wp:attachment":[{"href":"https:\/\/fram.is\/is\/wp-json\/wp\/v2\/media?parent=20774"}],"wp:term":[{"taxonomy":"category","embeddable":true,"href":"https:\/\/fram.is\/is\/wp-json\/wp\/v2\/categories?post=20774"},{"taxonomy":"post_tag","embeddable":true,"href":"https:\/\/fram.is\/is\/wp-json\/wp\/v2\/tags?post=20774"}],"curies":[{"name":"wp","href":"https:\/\/api.w.org\/{rel}","templated":true}]}}