{"id":20789,"date":"2019-06-18T10:06:09","date_gmt":"2019-06-18T10:06:09","guid":{"rendered":"http:\/\/fram.is\/?p=20789"},"modified":"2019-06-18T10:06:09","modified_gmt":"2019-06-18T10:06:09","slug":"sigfus-arni-valinn-i-urtakshop-islands-u15","status":"publish","type":"post","link":"https:\/\/fram.is\/is\/2019\/06\/18\/sigfus-arni-valinn-i-urtakshop-islands-u15\/","title":{"rendered":"Sigf\u00fas \u00c1rni valinn \u00ed \u00fartaksh\u00f3p \u00cdslands U15"},"content":{"rendered":"<p><a href=\"http:\/\/fram.is\/is\/2018\/05\/tinna-bjork-og-sigfus-arni-valinn-i-urvalslid-reykjavikur\/sigfus-arni\/\"><img fetchpriority=\"high\" decoding=\"async\" class=\"alignright size-medium wp-image-18242\" src=\"http:\/\/fram.is\/wp-content\/uploads\/2018\/05\/Sigf\u00fas-\u00c1rni--243x300.jpeg\" alt=\"\" width=\"243\" height=\"300\" \/><\/a>Valinn hefur veri\u00f0 32 manna \u00fartaksh\u00f3pur \u00cdslands U15 karla. Dagana 24.-28. j\u00fan\u00ed ver\u00f0a svo haldnar \u00fartaks\u00e6fingar fyrir U15 karla \u00e1 Akranesi.\u00a0 Umsj\u00f3n me\u00f0 \u00e6fingunum hefur L\u00fa\u00f0v\u00edk Gunnarsson, yfirma\u00f0ur \u00ed h\u00e6fileikam\u00f3tun KS\u00cd og \u00fej\u00e1lfari U15 landsli\u00f0a karla og kvenna.<\/p>\n<p>Vi\u00f0 FRAMarar erum stoltir af \u00fev\u00ed a\u00f0 eiga einn fulltr\u00faa \u00ed \u00feessu \u00e6fingah\u00f3pi \u00cdslands en Sigf\u00fas \u00c1rni Gu\u00f0mundsson var valinn fr\u00e1 FRAM a\u00f0 \u00feessu sinni.<\/p>\n<p>Sigf\u00fas \u00c1rni Gu\u00f0mundsson\u00a0\u00a0\u00a0\u00a0\u00a0\u00a0 FRAM<br \/>\nGangi \u00fe\u00e9r vel Sigf\u00fas<\/p>\n<p>\u00c1FRAM FRAM<\/p>","protected":false},"excerpt":{"rendered":"<p>Valinn hefur veri\u00f0 32 manna \u00fartaksh\u00f3pur \u00cdslands U15 karla. Dagana 24.-28. j\u00fan\u00ed ver\u00f0a svo haldnar \u00fartaks\u00e6fingar fyrir U15 karla \u00e1 Akranesi.\u00a0 Umsj\u00f3n me\u00f0 \u00e6fingunum hefur L\u00fa\u00f0v\u00edk Gunnarsson, yfirma\u00f0ur \u00ed h\u00e6fileikam\u00f3tun [&hellip;]<\/p>","protected":false},"author":4,"featured_media":20790,"comment_status":"open","ping_status":"open","sticky":false,"template":"","format":"standard","meta":{"_monsterinsights_skip_tracking":false,"_monsterinsights_sitenote_active":false,"_monsterinsights_sitenote_note":"","_monsterinsights_sitenote_category":0,"_jetpack_memberships_contains_paid_content":false,"footnotes":""},"categories":[9,13],"tags":[],"class_list":["post-20789","post","type-post","status-publish","format-standard","has-post-thumbnail","hentry","category-fotbolti","category-yngriflokkar"],"jetpack_sharing_enabled":true,"jetpack_featured_media_url":"https:\/\/fram.is\/wp-content\/uploads\/2019\/06\/Sigf\u00fas-\u00c1rni-vefur.jpg","_links":{"self":[{"href":"https:\/\/fram.is\/is\/wp-json\/wp\/v2\/posts\/20789","targetHints":{"allow":["GET"]}}],"collection":[{"href":"https:\/\/fram.is\/is\/wp-json\/wp\/v2\/posts"}],"about":[{"href":"https:\/\/fram.is\/is\/wp-json\/wp\/v2\/types\/post"}],"author":[{"embeddable":true,"href":"https:\/\/fram.is\/is\/wp-json\/wp\/v2\/users\/4"}],"replies":[{"embeddable":true,"href":"https:\/\/fram.is\/is\/wp-json\/wp\/v2\/comments?post=20789"}],"version-history":[{"count":0,"href":"https:\/\/fram.is\/is\/wp-json\/wp\/v2\/posts\/20789\/revisions"}],"wp:featuredmedia":[{"embeddable":true,"href":"https:\/\/fram.is\/is\/wp-json\/wp\/v2\/media\/20790"}],"wp:attachment":[{"href":"https:\/\/fram.is\/is\/wp-json\/wp\/v2\/media?parent=20789"}],"wp:term":[{"taxonomy":"category","embeddable":true,"href":"https:\/\/fram.is\/is\/wp-json\/wp\/v2\/categories?post=20789"},{"taxonomy":"post_tag","embeddable":true,"href":"https:\/\/fram.is\/is\/wp-json\/wp\/v2\/tags?post=20789"}],"curies":[{"name":"wp","href":"https:\/\/api.w.org\/{rel}","templated":true}]}}