{"id":20792,"date":"2019-06-18T16:29:54","date_gmt":"2019-06-18T16:29:54","guid":{"rendered":"http:\/\/fram.is\/?p=20792"},"modified":"2019-06-18T16:29:54","modified_gmt":"2019-06-18T16:29:54","slug":"unglingarbikar-hsi-til-fram-steinunn-lena-og-sara-sif-bestar-a-verdlaunahofi-hsi","status":"publish","type":"post","link":"https:\/\/fram.is\/is\/2019\/06\/18\/unglingarbikar-hsi-til-fram-steinunn-lena-og-sara-sif-bestar-a-verdlaunahofi-hsi\/","title":{"rendered":"Unglingarbikar HS\u00cd til FRAM, Steinunn, Lena og Sara Sif bestar \u00e1 ver\u00f0launah\u00f3fi HS\u00cd"},"content":{"rendered":"<p><a href=\"http:\/\/fram.is\/is\/?attachment_id=20793\"><img fetchpriority=\"high\" decoding=\"async\" class=\"alignright size-medium wp-image-20793\" src=\"http:\/\/fram.is\/wp-content\/uploads\/2019\/06\/Steinunn-besti-varnarma\u00f0ur-2019-300x199.jpg\" alt=\"\" width=\"300\" height=\"199\" \/><\/a><a href=\"http:\/\/fram.is\/is\/?attachment_id=20794\"><img decoding=\"async\" class=\"alignright size-medium wp-image-20794\" src=\"http:\/\/fram.is\/wp-content\/uploads\/2019\/06\/Unglingabikar-HS\u00cd-2019-300x200.jpg\" alt=\"\" width=\"300\" height=\"200\" \/><\/a>Ver\u00f0launah\u00f3f HS\u00cd og Ol\u00eds f\u00f3r fram um helgina \u00ed tengslum vi\u00f0 landsleik \u00cdslands og Tyrklands \u00ed Laugardalsh\u00f6ll. \u00dear voru leikmenn, \u00fej\u00e1lfarar og d\u00f3marar \u00ed Ol\u00eds- og Grill66-deildunum hei\u00f0ra\u00f0ir fyrir g\u00f3\u00f0a frammist\u00f6\u00f0u \u00ed vetur.<\/p>\n<p>Vi\u00f0 FRAMarar fengum t\u00f6luvert af ver\u00f0launum \u00e1 \u00feessu ver\u00f0launah\u00f3fi. En Steinunn Bj\u00f6rnsd\u00f3ttir, Lena Margr\u00e9t Valdimarsd\u00f3ttir og Sara Sif Helgad\u00f3ttir fengur allr ver\u00f0laun \u00e1samt \u00fev\u00ed a\u00f0 FRAM f\u00e9kk Unglingabikar HS\u00cd fyrir gr\u00ed\u00f0argott starf vetur.<\/p>\n<p>Ver\u00f0launin sem vi\u00f0 FRAMarar fengum voru eftirfarandi:<\/p>\n<p><strong>Besti varnarma\u00f0ur Ol\u00eds deildar kvenna 2019<br \/>\nSteinunn Bj\u00f6rnsd\u00f3ttir \u2013 Fram<br \/>\n<\/strong><strong><br \/>\nEfnilegasti leikma\u00f0ur Ol\u00eds deildar kvenna 2019<br \/>\nLena Margr\u00e9t Valdimarsd\u00f3ttir \u2013 Fram<br \/>\n<\/strong><\/p>\n<p><strong>Unglingabikar HS\u00cd 2019\u00a0 FRAM<\/strong><\/p>\n<p><strong>Besti s\u00f3knarma\u00f0ur Grill 66 deildar kvenna 2019<br \/>\nLena Margr\u00e9t Valdimarsd\u00f3ttir \u2013 Fram U<br \/>\n<\/strong><strong><br \/>\nBesti markma\u00f0ur Grill 66 deildar kvenna 2019<br \/>\nSara Sif Helgad\u00f3ttir \u2013 Fram U<br \/>\n<\/strong><\/p>\n<p>Til hamingju FRAMarar<\/p>\n<p>\u00c1FRAM FRAM<br \/>\nP.s Lena og Sara Sif voru ekki \u00e1 h\u00f3finu um helgina, \u00fe\u00e6r voru staddar \u00ed P\u00f3llandi me\u00f0 landsli\u00f0i \u00cdslands U19<\/p>","protected":false},"excerpt":{"rendered":"<p>Ver\u00f0launah\u00f3f HS\u00cd og Ol\u00eds f\u00f3r fram um helgina \u00ed tengslum vi\u00f0 landsleik \u00cdslands og Tyrklands \u00ed Laugardalsh\u00f6ll. \u00dear voru leikmenn, \u00fej\u00e1lfarar og d\u00f3marar \u00ed Ol\u00eds- og Grill66-deildunum hei\u00f0ra\u00f0ir fyrir g\u00f3\u00f0a [&hellip;]<\/p>","protected":false},"author":4,"featured_media":20795,"comment_status":"open","ping_status":"open","sticky":false,"template":"","format":"standard","meta":{"_monsterinsights_skip_tracking":false,"_monsterinsights_sitenote_active":false,"_monsterinsights_sitenote_note":"","_monsterinsights_sitenote_category":0,"_jetpack_memberships_contains_paid_content":false,"footnotes":""},"categories":[1],"tags":[],"class_list":["post-20792","post","type-post","status-publish","format-standard","has-post-thumbnail","hentry","category-uncategorized"],"jetpack_sharing_enabled":true,"jetpack_featured_media_url":"https:\/\/fram.is\/wp-content\/uploads\/2019\/06\/Unglingabikar-HS\u00cd-2019-vefur.jpg","_links":{"self":[{"href":"https:\/\/fram.is\/is\/wp-json\/wp\/v2\/posts\/20792","targetHints":{"allow":["GET"]}}],"collection":[{"href":"https:\/\/fram.is\/is\/wp-json\/wp\/v2\/posts"}],"about":[{"href":"https:\/\/fram.is\/is\/wp-json\/wp\/v2\/types\/post"}],"author":[{"embeddable":true,"href":"https:\/\/fram.is\/is\/wp-json\/wp\/v2\/users\/4"}],"replies":[{"embeddable":true,"href":"https:\/\/fram.is\/is\/wp-json\/wp\/v2\/comments?post=20792"}],"version-history":[{"count":0,"href":"https:\/\/fram.is\/is\/wp-json\/wp\/v2\/posts\/20792\/revisions"}],"wp:featuredmedia":[{"embeddable":true,"href":"https:\/\/fram.is\/is\/wp-json\/wp\/v2\/media\/20795"}],"wp:attachment":[{"href":"https:\/\/fram.is\/is\/wp-json\/wp\/v2\/media?parent=20792"}],"wp:term":[{"taxonomy":"category","embeddable":true,"href":"https:\/\/fram.is\/is\/wp-json\/wp\/v2\/categories?post=20792"},{"taxonomy":"post_tag","embeddable":true,"href":"https:\/\/fram.is\/is\/wp-json\/wp\/v2\/tags?post=20792"}],"curies":[{"name":"wp","href":"https:\/\/api.w.org\/{rel}","templated":true}]}}