{"id":20810,"date":"2019-07-01T10:23:09","date_gmt":"2019-07-01T10:23:09","guid":{"rendered":"http:\/\/fram.is\/?p=20810"},"modified":"2019-07-01T10:23:09","modified_gmt":"2019-07-01T10:23:09","slug":"dadey-asta-semur-vid-fram","status":"publish","type":"post","link":"https:\/\/fram.is\/is\/2019\/07\/01\/dadey-asta-semur-vid-fram\/","title":{"rendered":"Da\u00f0ey \u00c1sta semur vi\u00f0 FRAM"},"content":{"rendered":"<p><strong><a href=\"http:\/\/fram.is\/is\/?attachment_id=20811\"><img fetchpriority=\"high\" decoding=\"async\" class=\"alignright size-large wp-image-20811\" src=\"http:\/\/fram.is\/wp-content\/uploads\/2019\/07\/Da\u00f0ey-\u00c1sta-undirskrift.--1024x768.jpg\" alt=\"\" width=\"460\" height=\"345\" \/><\/a>Handknattleiksdeild Fram hefur gengi\u00f0 fr\u00e1 samningi vi\u00f0 einn af s\u00ednum efnilegustu leikm\u00f6nnum, en \u00fea\u00f0 er Da\u00f0ey \u00c1sta H\u00e1lfd\u00e1nsd\u00f3ttir.<\/strong><\/p>\n<p><strong>Da\u00f0ey \u00c1sta er f\u00e6dd \u00ed apr\u00edl 2002 og \u00fev\u00ed n\u00fd or\u00f0in sautj\u00e1n \u00e1ra.\u00a0<\/strong><strong>Da\u00f0ey \u00c1sta hefur spila\u00f0 b\u00e6\u00f0i \u00ed vinstra og h\u00e6gra horni og spila\u00f0i gjarnan \u00ed yngri flokkum \u00ed st\u00f6\u00f0u skyttu.<\/p>\n<p><\/strong><strong>Da\u00f0ey \u00c1sta hefur spila\u00f0 me\u00f0 U li\u00f0i Fram \u00ed Grilldeildinni.\u00a0 H\u00fan spila\u00f0i \u00fear 19 leiki \u00ed fyrra og skora\u00f0i \u00ed \u00feeim 56 m\u00f6rk.<br \/>\n<\/strong><strong>Da\u00f0ey \u00c1sta kemur upp \u00far yngri flokka starfi Fram.\u00a0 H\u00fan hefur \u00e1tt s\u00e6ti \u00ed yngri landsli\u00f0um \u00cdslands og er n\u00fa \u00ed U 17 \u00e1ra li\u00f0inu sem me\u00f0al annars leikur n\u00fa \u00ed byrjun j\u00fal\u00ed vin\u00e1ttuleiki vi\u00f0 Sl\u00f3vak\u00edu og fer s\u00ed\u00f0an til \u00cdtal\u00edu og spilar \u00fear \u00ed EM B &#8211; deild \u00ed \u00e1g\u00fast.<\/strong><\/p>\n<p><strong>Da\u00f0ey \u00c1sta \u00e1 ekki langt a\u00f0 s\u00e6kja handbolta \u00e1huga og h\u00e6fileika en h\u00fan er yngri systir Gu\u00f0r\u00fanar \u00de\u00f3ru og Arnars Birkis sem b\u00e6\u00f0i hafa spila\u00f0 fyrir Fram \u00ed handbolta.<\/strong><\/p>\n<p><strong>\u00a0<\/strong><strong>\u00dea\u00f0 er Fram mikil \u00e1n\u00e6gja a\u00f0 hafa gengi\u00f0 fr\u00e1 samningi vi\u00f0 Da\u00f0eyju \u00c1stu.<\/strong><\/p>\n<p><strong>\u00c1FRAM FRAM\u00a0<\/strong><\/p>","protected":false},"excerpt":{"rendered":"<p>Handknattleiksdeild Fram hefur gengi\u00f0 fr\u00e1 samningi vi\u00f0 einn af s\u00ednum efnilegustu leikm\u00f6nnum, en \u00fea\u00f0 er Da\u00f0ey \u00c1sta H\u00e1lfd\u00e1nsd\u00f3ttir. Da\u00f0ey \u00c1sta er f\u00e6dd \u00ed apr\u00edl 2002 og \u00fev\u00ed n\u00fd or\u00f0in sautj\u00e1n [&hellip;]<\/p>","protected":false},"author":4,"featured_media":20812,"comment_status":"open","ping_status":"open","sticky":false,"template":"","format":"standard","meta":{"_monsterinsights_skip_tracking":false,"_monsterinsights_sitenote_active":false,"_monsterinsights_sitenote_note":"","_monsterinsights_sitenote_category":0,"_jetpack_memberships_contains_paid_content":false,"footnotes":""},"categories":[7,15],"tags":[],"class_list":["post-20810","post","type-post","status-publish","format-standard","has-post-thumbnail","hentry","category-yngri-flokkar","category-mfl-kvenna"],"jetpack_sharing_enabled":true,"jetpack_featured_media_url":"https:\/\/fram.is\/wp-content\/uploads\/2019\/07\/Da\u00f0ey-\u00c1sta-vefur-undirskrift.-scaled.jpg","_links":{"self":[{"href":"https:\/\/fram.is\/is\/wp-json\/wp\/v2\/posts\/20810","targetHints":{"allow":["GET"]}}],"collection":[{"href":"https:\/\/fram.is\/is\/wp-json\/wp\/v2\/posts"}],"about":[{"href":"https:\/\/fram.is\/is\/wp-json\/wp\/v2\/types\/post"}],"author":[{"embeddable":true,"href":"https:\/\/fram.is\/is\/wp-json\/wp\/v2\/users\/4"}],"replies":[{"embeddable":true,"href":"https:\/\/fram.is\/is\/wp-json\/wp\/v2\/comments?post=20810"}],"version-history":[{"count":0,"href":"https:\/\/fram.is\/is\/wp-json\/wp\/v2\/posts\/20810\/revisions"}],"wp:featuredmedia":[{"embeddable":true,"href":"https:\/\/fram.is\/is\/wp-json\/wp\/v2\/media\/20812"}],"wp:attachment":[{"href":"https:\/\/fram.is\/is\/wp-json\/wp\/v2\/media?parent=20810"}],"wp:term":[{"taxonomy":"category","embeddable":true,"href":"https:\/\/fram.is\/is\/wp-json\/wp\/v2\/categories?post=20810"},{"taxonomy":"post_tag","embeddable":true,"href":"https:\/\/fram.is\/is\/wp-json\/wp\/v2\/tags?post=20810"}],"curies":[{"name":"wp","href":"https:\/\/api.w.org\/{rel}","templated":true}]}}