{"id":20820,"date":"2019-07-02T15:20:20","date_gmt":"2019-07-02T15:20:20","guid":{"rendered":"http:\/\/fram.is\/?p=20820"},"modified":"2019-07-02T15:20:20","modified_gmt":"2019-07-02T15:20:20","slug":"meistaraskoli-fram","status":"publish","type":"post","link":"https:\/\/fram.is\/is\/2019\/07\/02\/meistaraskoli-fram\/","title":{"rendered":"Meistarask\u00f3li Fram"},"content":{"rendered":"<p>Dagana 8.- 26. j\u00fal\u00ed stendur knattspyrnudeild Fram fyrir Meistaran\u00e1mskei\u00f0i fyrir i\u00f0kendur \u00ed 5. og 4. flokki.<\/p>\n<p>\u00cd Meistarask\u00f3lanum ver\u00f0ur l\u00f6g\u00f0 \u00e1hersla \u00e1 t\u00e6kni\u00e6fingar, sendingar og skot sem og varnarvinnu i\u00f0kenda.<\/p>\n<p><a href=\"http:\/\/fram.is\/wp-content\/uploads\/2019\/07\/Meistarask\u00f3linn-2019.jpg\"><img fetchpriority=\"high\" decoding=\"async\" src=\"http:\/\/fram.is\/wp-content\/uploads\/2019\/07\/Meistarask\u00f3linn-2019-212x300.jpg\" alt=\"\" width=\"212\" height=\"300\" class=\"alignright size-medium wp-image-20822\" \/><\/a><\/p>\n<p>\u00dej\u00e1lfarar \u00e1 n\u00e1mskei\u00f0inu ver\u00f0a hinir erlendu leikmenn Framli\u00f0isins; Marcao, Fred og Tiago \u00e1samt \u00fej\u00e1lfurum yngri flokka Fram.  Leikmennirnir munu mi\u00f0la af sinni reynslu til yngri i\u00f0kenda og kenna \u00feeim sitthva\u00f0 af \u00feeim snilldart\u00f6ktum sem \u00feeir hafa s\u00fdnt \u00ed leikjum Framli\u00f0sins \u00ed sumar.<\/p>\n<p>\u00c6fingar fyrir i\u00f0kendur \u00far 4.flokki (2005-2006) ver\u00f0a fj\u00f3rum sinnum \u00ed viku; m\u00e1nudaga-fimmtudaga kl. 10:30-11:30. M\u00e1nudaga og mi\u00f0vikudaga ver\u00f0ur \u00e6ft \u00ed Safam\u00fdri en \u00feri\u00f0judaga og fimmtudaga \u00ed \u00dalfars\u00e1rdal.<\/p>\n<p>\u00c6fingar fyrir i\u00f0kendur \u00far 5.flokki (2007-2008) ver\u00f0a tvisvar sinnum \u00ed viku; m\u00e1nudaga og mi\u00f0vikudaga kl. 11:30-12:30 ver\u00f0a \u00e6fingar fyrir i\u00f0kendur \u00ed Safam\u00fdri og \u00feri\u00f0judaga og fimmtudaga kl. 11:30-12:30 ver\u00f0a \u00e6fingar fyrir i\u00f0kendur \u00ed \u00dalfars\u00e1rdal.<\/p>\n<p>N\u00e1mskei\u00f0sgjald er kr. 10.000- fyrir 4.flokk (12 \u00e6fingar)<br \/>\nN\u00e1mskei\u00f0sgjald er kr. 5.000- fyrir 5.flokk (6 \u00e6fingar)<\/p>\n<p>Skr\u00e1ning fer fram \u00e1 <a href=\"https:\/\/fram.felog.is\/\" target=\"_blank\" rel=\"noopener\">fram.felog.is<\/a><\/p>","protected":false},"excerpt":{"rendered":"<p>Dagana 8.- 26. j\u00fal\u00ed stendur knattspyrnudeild Fram fyrir Meistaran\u00e1mskei\u00f0i fyrir i\u00f0kendur \u00ed 5. og 4. flokki. \u00cd Meistarask\u00f3lanum ver\u00f0ur l\u00f6g\u00f0 \u00e1hersla \u00e1 t\u00e6kni\u00e6fingar, sendingar og skot sem og varnarvinnu i\u00f0kenda. [&hellip;]<\/p>","protected":false},"author":6,"featured_media":20826,"comment_status":"open","ping_status":"open","sticky":false,"template":"","format":"standard","meta":{"_monsterinsights_skip_tracking":false,"_monsterinsights_sitenote_active":false,"_monsterinsights_sitenote_note":"","_monsterinsights_sitenote_category":0,"_jetpack_memberships_contains_paid_content":false,"footnotes":""},"categories":[10,9,13,20],"tags":[],"class_list":["post-20820","post","type-post","status-publish","format-standard","has-post-thumbnail","hentry","category-frettir","category-fotbolti","category-yngriflokkar","category-framiceland"],"jetpack_sharing_enabled":true,"jetpack_featured_media_url":"https:\/\/fram.is\/wp-content\/uploads\/2019\/07\/Meistarask\u00f3linn-2019.bakgrunnur.png","_links":{"self":[{"href":"https:\/\/fram.is\/is\/wp-json\/wp\/v2\/posts\/20820","targetHints":{"allow":["GET"]}}],"collection":[{"href":"https:\/\/fram.is\/is\/wp-json\/wp\/v2\/posts"}],"about":[{"href":"https:\/\/fram.is\/is\/wp-json\/wp\/v2\/types\/post"}],"author":[{"embeddable":true,"href":"https:\/\/fram.is\/is\/wp-json\/wp\/v2\/users\/6"}],"replies":[{"embeddable":true,"href":"https:\/\/fram.is\/is\/wp-json\/wp\/v2\/comments?post=20820"}],"version-history":[{"count":0,"href":"https:\/\/fram.is\/is\/wp-json\/wp\/v2\/posts\/20820\/revisions"}],"wp:featuredmedia":[{"embeddable":true,"href":"https:\/\/fram.is\/is\/wp-json\/wp\/v2\/media\/20826"}],"wp:attachment":[{"href":"https:\/\/fram.is\/is\/wp-json\/wp\/v2\/media?parent=20820"}],"wp:term":[{"taxonomy":"category","embeddable":true,"href":"https:\/\/fram.is\/is\/wp-json\/wp\/v2\/categories?post=20820"},{"taxonomy":"post_tag","embeddable":true,"href":"https:\/\/fram.is\/is\/wp-json\/wp\/v2\/tags?post=20820"}],"curies":[{"name":"wp","href":"https:\/\/api.w.org\/{rel}","templated":true}]}}