{"id":20851,"date":"2019-07-11T11:33:07","date_gmt":"2019-07-11T11:33:07","guid":{"rendered":"http:\/\/fram.is\/?p=20851"},"modified":"2019-07-11T11:33:07","modified_gmt":"2019-07-11T11:33:07","slug":"fram-faer-til-sin-markvord","status":"publish","type":"post","link":"https:\/\/fram.is\/is\/2019\/07\/11\/fram-faer-til-sin-markvord\/","title":{"rendered":"FRAM f\u00e6r til s\u00edn markv\u00f6r\u00f0"},"content":{"rendered":"<p><a href=\"http:\/\/fram.is\/is\/2017\/04\/hlynur-orn-i-fram\/hlynur-orn\/\"><img fetchpriority=\"high\" decoding=\"async\" class=\"alignright size-medium wp-image-15435\" src=\"http:\/\/fram.is\/wp-content\/uploads\/2017\/04\/Hlynur-\u00d6rn-300x261.jpg\" alt=\"\" width=\"300\" height=\"261\" \/><\/a>Fram hefur gengi\u00f0 fr\u00e1 samning vi\u00f0 Hlyn \u00d6rn Hl\u00f6\u00f0versson 23 \u00e1r markv\u00f6r\u00f0. Hlynur er okkur Fr\u00f6murum a\u00f0 g\u00f3\u00f0u kunnur en hann l\u00e9k me\u00f0 f\u00e9laginu 2017. Vi\u00f0 bj\u00f3\u00f0um Hlyn velkominn \u00ed h\u00f3pinn. Samningurinn gildir til loka t\u00edmabilsins.<\/p>\n<p>\u00c1FRAM FRAM<\/p>","protected":false},"excerpt":{"rendered":"<p>Fram hefur gengi\u00f0 fr\u00e1 samning vi\u00f0 Hlyn \u00d6rn Hl\u00f6\u00f0versson 23 \u00e1r markv\u00f6r\u00f0. Hlynur er okkur Fr\u00f6murum a\u00f0 g\u00f3\u00f0u kunnur en hann l\u00e9k me\u00f0 f\u00e9laginu 2017. Vi\u00f0 bj\u00f3\u00f0um Hlyn velkominn \u00ed [&hellip;]<\/p>","protected":false},"author":4,"featured_media":15436,"comment_status":"open","ping_status":"open","sticky":false,"template":"","format":"standard","meta":{"_monsterinsights_skip_tracking":false,"_monsterinsights_sitenote_active":false,"_monsterinsights_sitenote_note":"","_monsterinsights_sitenote_category":0,"_jetpack_memberships_contains_paid_content":false,"footnotes":""},"categories":[11,9],"tags":[],"class_list":["post-20851","post","type-post","status-publish","format-standard","has-post-thumbnail","hentry","category-mflkarla","category-fotbolti"],"jetpack_sharing_enabled":true,"jetpack_featured_media_url":"https:\/\/fram.is\/wp-content\/uploads\/2017\/04\/Hlynur-\u00d6rn-vefur-scaled.jpg","_links":{"self":[{"href":"https:\/\/fram.is\/is\/wp-json\/wp\/v2\/posts\/20851","targetHints":{"allow":["GET"]}}],"collection":[{"href":"https:\/\/fram.is\/is\/wp-json\/wp\/v2\/posts"}],"about":[{"href":"https:\/\/fram.is\/is\/wp-json\/wp\/v2\/types\/post"}],"author":[{"embeddable":true,"href":"https:\/\/fram.is\/is\/wp-json\/wp\/v2\/users\/4"}],"replies":[{"embeddable":true,"href":"https:\/\/fram.is\/is\/wp-json\/wp\/v2\/comments?post=20851"}],"version-history":[{"count":0,"href":"https:\/\/fram.is\/is\/wp-json\/wp\/v2\/posts\/20851\/revisions"}],"wp:featuredmedia":[{"embeddable":true,"href":"https:\/\/fram.is\/is\/wp-json\/wp\/v2\/media\/15436"}],"wp:attachment":[{"href":"https:\/\/fram.is\/is\/wp-json\/wp\/v2\/media?parent=20851"}],"wp:term":[{"taxonomy":"category","embeddable":true,"href":"https:\/\/fram.is\/is\/wp-json\/wp\/v2\/categories?post=20851"},{"taxonomy":"post_tag","embeddable":true,"href":"https:\/\/fram.is\/is\/wp-json\/wp\/v2\/tags?post=20851"}],"curies":[{"name":"wp","href":"https:\/\/api.w.org\/{rel}","templated":true}]}}