{"id":20858,"date":"2019-07-24T22:27:18","date_gmt":"2019-07-24T22:27:18","guid":{"rendered":"http:\/\/fram.is\/?p=20858"},"modified":"2019-07-24T22:27:18","modified_gmt":"2019-07-24T22:27:18","slug":"fram-open-skraningu-ad-ljuka-18-plass-eftir","status":"publish","type":"post","link":"https:\/\/fram.is\/is\/2019\/07\/24\/fram-open-skraningu-ad-ljuka-18-plass-eftir\/","title":{"rendered":"FRAM Open skr\u00e1ningu a\u00f0 lj\u00faka, 18 pl\u00e1ss eftir&#8230;."},"content":{"rendered":"<p><strong><a href=\"http:\/\/fram.is\/is\/?attachment_id=20859\"><img fetchpriority=\"high\" decoding=\"async\" class=\"alignright size-large wp-image-20859\" src=\"http:\/\/fram.is\/wp-content\/uploads\/2019\/07\/IMG_7074-1024x683.jpg\" alt=\"\" width=\"460\" height=\"307\" \/><\/a>FRAM Open 2019 \u00a0fer fram \u00e1 golfvellinum \u00d6ndver\u00f0arnesi f\u00f6studaginn 9. \u00e1g\u00fast og hefst klukkan 13:00. \u00a0<\/strong><\/p>\n<p>Hyggilegt er a\u00f0 \u00fe\u00e1tttakendur s\u00e9u m\u00e6ttir \u00e1 sv\u00e6\u00f0i\u00f0 t\u00edmanlega. \u00a0R\u00e6st ver\u00f0ur \u00fat \u00e1 \u00f6llum teigum kl. 13:00.<\/p>\n<p><strong>Keppnisgjaldi\u00f0 er kr. 8.900.- og \u00fearf a\u00f0 grei\u00f0a vi\u00f0 skr\u00e1ningu e\u00f0a \u00e1 sta\u00f0num fyrir \u00fe\u00e1 sem ekki hafa greitt n\u00fa \u00feegar. \u00a0<\/strong><\/p>\n<p><strong>Veitt ver\u00f0a eftirfarandi ver\u00f0laun:<\/strong><\/p>\n<p>N\u00e1ndarver\u00f0laun \u00e1 \u00f6llum par 3 brautum<\/p>\n<p>Lengsta drive karla og kvenna<\/p>\n<p>Flottasti b\u00faningur karla og kvenna<\/p>\n<p>1.S\u00e6ti \u00ed h\u00f6ggleik karla og kvenna<\/p>\n<p>Fyrstu \u00ferj\u00fa\u00a0 s\u00e6tin \u00ed\u00a0 punktakeppni karla og kvenna (ath sami einstaklingur getur ekki fengi\u00f0 ver\u00f0laun \u00ed h\u00f6ggleik og punktaleik)<\/p>\n<p>Dregi\u00f0 \u00far skorkortum hj\u00e1 \u00feeim sem ekki hafa unni\u00f0 ver\u00f0laun og eru \u00e1 sta\u00f0num vi\u00f0 ver\u00f0launa afhendingu.<\/p>\n<p>H\u00e1marks forgj\u00f6f karla er 24 og 28 hj\u00e1 konum.<\/p>\n<p><strong>Innifali\u00f0 er m\u00f3tsgjald, teiggj\u00f6f og matur eftir m\u00f3t (lambal\u00e6ri og me\u00f0l\u00e6ti).<\/strong><\/p>\n<p><strong>Knattspyrnuf\u00e9lagi\u00f0 FRAM<\/strong><\/p>\n<p>&nbsp;<\/p>","protected":false},"excerpt":{"rendered":"<p>FRAM Open 2019 \u00a0fer fram \u00e1 golfvellinum \u00d6ndver\u00f0arnesi f\u00f6studaginn 9. \u00e1g\u00fast og hefst klukkan 13:00. \u00a0 Hyggilegt er a\u00f0 \u00fe\u00e1tttakendur s\u00e9u m\u00e6ttir \u00e1 sv\u00e6\u00f0i\u00f0 t\u00edmanlega. \u00a0R\u00e6st ver\u00f0ur \u00fat \u00e1 \u00f6llum [&hellip;]<\/p>","protected":false},"author":4,"featured_media":20860,"comment_status":"open","ping_status":"open","sticky":false,"template":"","format":"standard","meta":{"_monsterinsights_skip_tracking":false,"_monsterinsights_sitenote_active":false,"_monsterinsights_sitenote_note":"","_monsterinsights_sitenote_category":0,"_jetpack_memberships_contains_paid_content":false,"footnotes":""},"categories":[8,10],"tags":[],"class_list":["post-20858","post","type-post","status-publish","format-standard","has-post-thumbnail","hentry","category-adalstjorn","category-frettir"],"jetpack_sharing_enabled":true,"jetpack_featured_media_url":"https:\/\/fram.is\/wp-content\/uploads\/2019\/07\/FRAM-open-scaled.jpg","_links":{"self":[{"href":"https:\/\/fram.is\/is\/wp-json\/wp\/v2\/posts\/20858","targetHints":{"allow":["GET"]}}],"collection":[{"href":"https:\/\/fram.is\/is\/wp-json\/wp\/v2\/posts"}],"about":[{"href":"https:\/\/fram.is\/is\/wp-json\/wp\/v2\/types\/post"}],"author":[{"embeddable":true,"href":"https:\/\/fram.is\/is\/wp-json\/wp\/v2\/users\/4"}],"replies":[{"embeddable":true,"href":"https:\/\/fram.is\/is\/wp-json\/wp\/v2\/comments?post=20858"}],"version-history":[{"count":0,"href":"https:\/\/fram.is\/is\/wp-json\/wp\/v2\/posts\/20858\/revisions"}],"wp:featuredmedia":[{"embeddable":true,"href":"https:\/\/fram.is\/is\/wp-json\/wp\/v2\/media\/20860"}],"wp:attachment":[{"href":"https:\/\/fram.is\/is\/wp-json\/wp\/v2\/media?parent=20858"}],"wp:term":[{"taxonomy":"category","embeddable":true,"href":"https:\/\/fram.is\/is\/wp-json\/wp\/v2\/categories?post=20858"},{"taxonomy":"post_tag","embeddable":true,"href":"https:\/\/fram.is\/is\/wp-json\/wp\/v2\/tags?post=20858"}],"curies":[{"name":"wp","href":"https:\/\/api.w.org\/{rel}","templated":true}]}}