{"id":20887,"date":"2019-07-21T22:30:47","date_gmt":"2019-07-21T22:30:47","guid":{"rendered":"http:\/\/fram.is\/?p=20887"},"modified":"2019-07-21T22:30:47","modified_gmt":"2019-07-21T22:30:47","slug":"gcd","status":"publish","type":"post","link":"https:\/\/fram.is\/is\/2019\/07\/21\/gcd\/","title":{"rendered":"GCD"},"content":{"rendered":"<p><a href=\"http:\/\/fram.is\/is\/?attachment_id=20889\"><img fetchpriority=\"high\" decoding=\"async\" class=\"alignright size-large wp-image-20889\" src=\"http:\/\/fram.is\/wp-content\/uploads\/2019\/07\/Tiago-og-Alex-1024x683.jpg\" alt=\"\" width=\"460\" height=\"307\" \/><\/a>R\u00fanar J\u00fal\u00edusson er mesti Keflv\u00edkingur fyrr og s\u00ed\u00f0ar. Hann var ekki bara helsta poppstjarna b\u00e6jarf\u00e9lagsins og knattspyrnuhetja, heldur ma\u00f0urinn sem leita\u00f0 var til \u00feegar leggja \u00feurfti hvers kyns \u00fej\u00f3\u00f0\u00ferifam\u00e1lum li\u00f0. Til d\u00e6mis gaf hann \u00fat heila hlj\u00f3mpl\u00f6tu til stu\u00f0nings kr\u00f6funni um tv\u00f6f\u00f6ldun Reyjanesbrautar.<\/p>\n<p>Sumari\u00f0 1991 stofnu\u00f0u \u00feeir R\u00fanar og Bubbi Morthens saman hlj\u00f3msveit. R\u00fani J\u00fal haf\u00f0i raunar ekki l\u00e1ti\u00f0 miki\u00f0 fyrir s\u00e9r fara \u00ed \u00edslensku t\u00f3nlistarl\u00edfi misserin \u00e1 undan, en \u00f6llum fannst hann vera gamall eins og s\u00f3lin. Hann var 46 \u00e1ra.<\/p>\n<p>Bandi\u00f0 f\u00e9kk nafni\u00f0 GCD. Stutt, hlj\u00f3mmiki\u00f0 og f\u00f3l \u00ed raun \u00ed s\u00e9r fullkomna stefnuyfirl\u00fdsingu: grunngripin \u00ferj\u00fa sem nau\u00f0synlegt er a\u00f0 kunna til a\u00f0 skapa gott rokk. Ekkert fl\u00f3ki\u00f0. Enga st\u00e6la. Engar kr\u00fas\u00edd\u00fallur.<\/p>\n<p>\u00dea\u00f0 er ekki erfitt a\u00f0 finna saml\u00edkingar milli ferils R\u00fanars J\u00fal\u00edussonar og f\u00f3tboltaleiks kv\u00f6ldsins. Keflav\u00edk er GCD. Einfalt, hr\u00e1tt og skilvirkt. Ekkert kjaft\u00e6\u00f0i. Engir st\u00e6lar.<\/p>\n<p>Ve\u00f0ri\u00f0 var fr\u00e1b\u00e6rt \u00ed Safam\u00fdrinni \u00ed kv\u00f6ld og l\u00e9tt yfir \u00e1horfendum. Framborgararnir (s\u00e1u\u00f0i hva\u00f0 \u00e9g ger\u00f0i \u00fearna?) \u00ed landsli\u00f0sklassa me\u00f0 f\u00edns\u00f6xu\u00f0um rau\u00f0lauk, g\u00farkum, t\u00f3mat og ni\u00f0urt\u00e6ttu salati, sem er g\u00f3\u00f0 tilbreyting fr\u00e1 hinum klisjukenndu salatbl\u00f6\u00f0um. M\u00e6ting \u00e1g\u00e6t en me\u00f0alaldur me\u00f0 h\u00e6rra m\u00f3ti.<\/p>\n<p>Ein breyting var ger\u00f0 fr\u00e1 \u00farhellisleiknum \u00ed Grafarvogi. Haraldur kom inn \u00ed li\u00f0i\u00f0 og t\u00f3k st\u00f6\u00f0u s\u00edna \u00ed bakver\u00f0inum en Unnar leysti Sigur\u00f0 \u00der\u00e1inn af h\u00f3lmi aftast \u00e1 mi\u00f0junni. Anna\u00f0 var kunnuglegt me\u00f0 Hlyn \u00ed marki, Marcao og Gunnar \u00ed mi\u00f0v\u00f6r\u00f0um, Matth\u00edas \u00ed bakvar\u00f0ast\u00f6\u00f0unni \u00e1 m\u00f3ti Haraldi, Alex \u00fati \u00e1 kanti, Hilmar og Tiago \u00e1 mi\u00f0junni \u00e1samt Fred og Helgi fremstur.<\/p>\n<p>Framarar voru seinir \u00ed gang og Keflv\u00edkingar fengu tv\u00f6 fyrstu f\u00e6rin, hvorugt \u00fe\u00f3 h\u00e6ttulegt. Eftir um stundarfj\u00f3r\u00f0ung var skrekkurinn kominn \u00far okkar m\u00f6nnum og \u00feeir f\u00f3ru a\u00f0 spila boltanum. \u00dea\u00f0 t\u00f3kst vel \u00e1 l\u00f6ngum k\u00f6flum, \u00fear sem li\u00f0i\u00f0 n\u00e1\u00f0i um e\u00f0a yfir tuttugu sendingum s\u00edn \u00e1 milli \u00e1n \u00feess a\u00f0 Keflv\u00edkingar n\u00e6\u00f0u a\u00f0 vinna boltann. Spili\u00f0 var stutt og lipurt, en hvorki hratt n\u00e9 \u00e1r\u00e1sargjarnt. Tiago h\u00e9lt boltanum au\u00f0veldlega \u00e1 mi\u00f0junni og snerist \u00ed hringi um andst\u00e6\u00f0inga og sj\u00e1lfan sig og n\u00e1\u00f0i oftar en ekki a\u00f0 finna Fred sem l\u00e9k svo sama leikinn. En \u00ed f\u00e6stum tilvikum megna\u00f0i \u00feessi samleikur a\u00f0 skapa nein alv\u00f6ru f\u00e6ri og f\u00e1ein langskot af l\u00f6ngu f\u00e6ri voru sk\u00e1stu marktilraunirnar, ef fr\u00e1 er tali\u00f0 eitt gott f\u00e6ri \u00fear sem Fred s\u00f3pa\u00f0i boltanum yfir marki\u00f0 eftir hornspyrnu og anna\u00f0 \u00fear sem markv\u00f6r\u00f0ur Keflv\u00edkinga var\u00f0i vel fr\u00e1 Marceo.<\/p>\n<p>Keflv\u00edkingar voru GCD en Framarar Tr\u00fabrot. \u00cd sta\u00f0 \u00feess a\u00f0 s\u00e6kja hratt upp kantana, var \u00ed s\u00edfellu reynt a\u00f0 spila sig \u00ed gegnum mi\u00f0juna e\u00f0a reyna a\u00f0 vippa boltanum yfir varnarmenn gestana og inn \u00ed teig af stuttu f\u00e6ri. \u00dea\u00f0 vanta\u00f0i einfaldlega kraftinn.<\/p>\n<p>\u00c1 lokasek\u00fandum fyrri h\u00e1lfleiks dundi \u00f3g\u00e6fan \u00e1. Framarar misstu kn\u00f6ttinn \u00e1 h\u00e6ttulegum sta\u00f0 \u00e1 mi\u00f0junni og Keflv\u00edkingar t\u00f3ku \u00e1 r\u00e1s. Varnarmenn Fram b\u00f6kku\u00f0u og b\u00f6kku\u00f0u \u00ed sta\u00f0 \u00feess a\u00f0 fara \u00ed m\u00f3therjann og misstu hann a\u00f0 lokum fram hj\u00e1 s\u00e9r. Hlynur var\u00f0i bylmingsskot a\u00f0 marki, en Gunn\u00f3lfur framherji Keflv\u00edkinga skora\u00f0i \u00far fr\u00e1kastinu. S\u00far 0:1 forysta gestanna ger\u00f0i l\u00edti\u00f0 fyrir kleinu- og kaffibo\u00f0i\u00f0 \u00ed T\u00e6kvond\u00f3salnum \u00ed hl\u00e9i.<\/p>\n<p>Seinni h\u00e1lfleikur h\u00f3fst \u00e1 s\u00f6mu n\u00f3tum. Framarar reyndu a\u00f0 spila sig alla lei\u00f0 inn \u00ed marki\u00f0, en misstu boltann yfirleitt \u00e1\u00f0ur en \u00ed skotf\u00e6ri var komi\u00f0. \u00de\u00e1 sjaldan a\u00f0 aukaspyrnur unnust \u00e1 g\u00f3\u00f0um st\u00f6\u00f0um var drifi\u00f0 sig \u00ed a\u00f0 spila stutt \u00far \u00feeim, \u00e1n \u00feess a\u00f0 neitt k\u00e6mi \u00fat \u00far \u00fev\u00ed, \u00ed sta\u00f0 \u00feess a\u00f0 stilla upp og l\u00e1ta reyna \u00e1 skot e\u00f0a fyrirgjafir.<\/p>\n<p>Fr\u00e9ttaritari Frams\u00ed\u00f0unnar var ekki fyrr b\u00fainn a\u00f0 hripa ni\u00f0ur punkta um bitleysi s\u00f3knarleiksins eftir t\u00e6plega klukkut\u00edma leik en Alex t\u00f3k \u00e1 sprett upp a\u00f0 endam\u00f6rkum og n\u00e1\u00f0i h\u00f6rkusendingu fyrir marki\u00f0, \u00fear sem \u00feeir Helgi og Fred voru a\u00f0eins of seinir \u00ed sn\u00faningum. M\u00edn\u00fatu s\u00ed\u00f0ar n\u00e1\u00f0i hins vegar Helgi a\u00f0 mo\u00f0a \u00f6llu betur \u00far sending fr\u00e1 Alex, stakk knettinum inn \u00e1 Tiago sem kom brunandi inn \u00ed v\u00edtateiginn, sneri af s\u00e9r m\u00f3therja og jafna\u00f0i gl\u00e6silega, 1:1.<\/p>\n<p>Sannast sagna var j\u00f6fnunarmarki\u00f0 ekkert s\u00e9rstaklega \u00ed samr\u00e6mi vi\u00f0 gang leiksins, en vi\u00f0 \u00fea\u00f0 lifna\u00f0i talsvert yfir okkar m\u00f6nnum. J\u00f6kull kom inn\u00e1 fyrir Hilmar og sk\u00f6mmu s\u00ed\u00f0ar \u00e1tti Fred h\u00f6rkuskot a\u00f0 marki, en beint \u00e1 Sindra markv\u00f6r\u00f0. Marceo var svo n\u00e6rri \u00fev\u00ed a\u00f0 skora gl\u00e6simark me\u00f0 \u00ferumuskoti lengst utan af velli sem stefndi \u00ed vinkilinn en vel vari\u00f0.<\/p>\n<p>\u00deri\u00f0ja marki\u00f0 virtist liggja \u00ed loftinu og \u00fea\u00f0 var\u00f0 a\u00f0 veruleika\u2026 bara r\u00f6ngu megin \u00e1 vellinum. \u00c1 68. m\u00edn\u00fatu leiddi sakleysislegt innkast Keflv\u00edkinga til skallatennis \u00ed teignum \u00fear sem Fr\u00f6murum t\u00f3kst ekki a\u00f0 koma boltanum fr\u00e1. Skalla\u00f0 var \u00ed \u00feversl\u00e1 og \u00fea\u00f0an skalla\u00f0 beint \u00ed neti\u00f0, 1:2 og aftur \u00e1 byrjunarreit!<\/p>\n<p>R\u00e9tt eftir marki\u00f0 hef\u00f0i g\u00f3\u00f0ur d\u00f3mari leiksins, \u00cdvar Orri Kristj\u00e1nsson, geta\u00f0 s\u00fdnt einum Keflv\u00edkingnum rau\u00f0a spjaldi\u00f0 eftir gr\u00f3ft brot \u00e1 Alex, en hann \u00e1kva\u00f0 a\u00f0 l\u00e1ta gula spjaldi\u00f0 n\u00e6gja. L\u00edklega r\u00e9tt ni\u00f0ursta\u00f0a.<\/p>\n<p>\u00dea\u00f0 sem eftir lif\u00f0i leiks var \u00e1l\u00edka fr\u00fastrerandi og \u00fea\u00f0 sem \u00e1 undan var gengi\u00f0. Vi\u00f0 spilu\u00f0um \u00feokkalega saman en sk\u00f6pu\u00f0um l\u00edti\u00f0. Reyndum a\u00f0 gera of fl\u00f3kna hluti, of fyrirsj\u00e1anlega og ekki n\u00f3gu hratt. Ekkert GCD. Keflv\u00edkingar ger\u00f0u s\u00e9r a\u00f0 g\u00f3\u00f0u a\u00f0 liggja til baka, s\u00f3ttu s\u00e1ral\u00edti\u00f0 en n\u00e1\u00f0u \u00fe\u00f3 a\u00f0 skapa \u00f6ng\u00feveiti \u00ed Framv\u00f6rninni \u00ed hvert einasta sinn sem \u00feeir komust upp a\u00f0 endam\u00f6rkum.<\/p>\n<p>Alex og Matth\u00edas f\u00f3tu af velli undir lokin fyrir Orra og Hei\u00f0ar Geir, en \u00f6ll \u00feeirra samanlag\u00f0a reynsla dug\u00f0i \u00fe\u00f3 ekki til a\u00f0 breyta leiknum. Keflav\u00edk hefur n\u00fa unni\u00f0 b\u00e1\u00f0a leikina gegn Fram og fengi\u00f0 \u00fear um \u00feri\u00f0jung stiga sinna. \u00c9g veit a\u00f0 Keflav\u00edk hefur m\u00e1tt \u00feola \u00c1rna Sigf\u00fasson og mengandi K\u00edsili\u00f0ju, en \u00feetta er \u00fe\u00f3 \u00f3\u00fearfa rausnaskapur af okkar h\u00e1lfu.<\/p>\n<p>\u00dea\u00f0 er v\u00edst fl\u00f6kkusaga a\u00f0 \u00f3skin: \u201eMegir \u00fe\u00fa lifa \u00e1 \u00f3\u00e1hugaver\u00f0um t\u00edmum\u201c s\u00e9 gamalkunn k\u00ednversk b\u00f6lb\u00e6n, en eins og stigataflan l\u00edtur \u00fat n\u00fana vir\u00f0ist f\u00e1tt anna\u00f0 b\u00ed\u00f0a en til\u00ferifal\u00edti\u00f0 mi\u00f0jumo\u00f0. J\u00e6ja, verra g\u00e6ti \u00fea\u00f0 veri\u00f0. N\u00e6sta stopp er Tenerife nor\u00f0ursins \u00e1 \u00c1sv\u00f6llum. \u00c1fram gakk!<\/p>\n<p>Stef\u00e1n P\u00e1lsson<\/p>","protected":false},"excerpt":{"rendered":"<p>R\u00fanar J\u00fal\u00edusson er mesti Keflv\u00edkingur fyrr og s\u00ed\u00f0ar. Hann var ekki bara helsta poppstjarna b\u00e6jarf\u00e9lagsins og knattspyrnuhetja, heldur ma\u00f0urinn sem leita\u00f0 var til \u00feegar leggja \u00feurfti hvers kyns \u00fej\u00f3\u00f0\u00ferifam\u00e1lum li\u00f0. [&hellip;]<\/p>","protected":false},"author":4,"featured_media":20888,"comment_status":"open","ping_status":"open","sticky":false,"template":"","format":"standard","meta":{"_monsterinsights_skip_tracking":false,"_monsterinsights_sitenote_active":false,"_monsterinsights_sitenote_note":"","_monsterinsights_sitenote_category":0,"_jetpack_memberships_contains_paid_content":false,"footnotes":""},"categories":[11,9],"tags":[],"class_list":["post-20887","post","type-post","status-publish","format-standard","has-post-thumbnail","hentry","category-mflkarla","category-fotbolti"],"jetpack_sharing_enabled":true,"jetpack_featured_media_url":"https:\/\/fram.is\/wp-content\/uploads\/2019\/07\/Gunnar-vefur.jpg","_links":{"self":[{"href":"https:\/\/fram.is\/is\/wp-json\/wp\/v2\/posts\/20887","targetHints":{"allow":["GET"]}}],"collection":[{"href":"https:\/\/fram.is\/is\/wp-json\/wp\/v2\/posts"}],"about":[{"href":"https:\/\/fram.is\/is\/wp-json\/wp\/v2\/types\/post"}],"author":[{"embeddable":true,"href":"https:\/\/fram.is\/is\/wp-json\/wp\/v2\/users\/4"}],"replies":[{"embeddable":true,"href":"https:\/\/fram.is\/is\/wp-json\/wp\/v2\/comments?post=20887"}],"version-history":[{"count":0,"href":"https:\/\/fram.is\/is\/wp-json\/wp\/v2\/posts\/20887\/revisions"}],"wp:featuredmedia":[{"embeddable":true,"href":"https:\/\/fram.is\/is\/wp-json\/wp\/v2\/media\/20888"}],"wp:attachment":[{"href":"https:\/\/fram.is\/is\/wp-json\/wp\/v2\/media?parent=20887"}],"wp:term":[{"taxonomy":"category","embeddable":true,"href":"https:\/\/fram.is\/is\/wp-json\/wp\/v2\/categories?post=20887"},{"taxonomy":"post_tag","embeddable":true,"href":"https:\/\/fram.is\/is\/wp-json\/wp\/v2\/tags?post=20887"}],"curies":[{"name":"wp","href":"https:\/\/api.w.org\/{rel}","templated":true}]}}