{"id":20907,"date":"2019-08-01T21:26:01","date_gmt":"2019-08-01T21:26:01","guid":{"rendered":"http:\/\/fram.is\/?p=20907"},"modified":"2019-08-01T21:26:01","modified_gmt":"2019-08-01T21:26:01","slug":"copa-america-knattspyrnuskoli-fram","status":"publish","type":"post","link":"https:\/\/fram.is\/is\/2019\/08\/01\/copa-america-knattspyrnuskoli-fram\/","title":{"rendered":"Copa America knattspyrnusk\u00f3li Fram"},"content":{"rendered":"<p>Dagana 12.-21. \u00e1g\u00fast stendur knattspyrnudeild Fram fyrir Copa America knattspyrnusk\u00f3la Fram. <\/p>\n<p>N\u00e1mskei\u00f0i\u00f0 er \u00e6tla\u00f0 stelpum og str\u00e1kum \u00ed 5. 6. og 7. flokki (b\u00f6rn f\u00e6dd 2007-2012).  Einnig b\u00f6rnum \u00e1 elsta \u00e1ri \u00ed 8.flokki \u00fe.e. b\u00f6rnum f\u00e6ddum 2013.<\/p>\n<p>Copa America knattspyrnusk\u00f3linn ver\u00f0ur b\u00e6\u00f0i \u00ed Safam\u00fdri og \u00dalfars\u00e1rdal kl. 13:00-16:00 virka daga.<\/p>\n<p><a href=\"http:\/\/fram.is\/wp-content\/uploads\/2019\/08\/Copa-America-sk\u00f3li.uppf_.-2.jpg\"><img fetchpriority=\"high\" decoding=\"async\" src=\"http:\/\/fram.is\/wp-content\/uploads\/2019\/08\/Copa-America-sk\u00f3li.uppf_.-2-220x300.jpg\" alt=\"\" width=\"220\" height=\"300\" class=\"alignright size-medium wp-image-20950\" \/><\/a><\/p>\n<p>\u00dej\u00e1lfarar \u00e1 n\u00e1mskei\u00f0inu ver\u00f0a hinir erlendu leikmenn Framli\u00f0isins; Fred, Marcao og Tiago \u00e1samt \u00fej\u00e1lfurum yngri flokka Fram. Leikmennirnir munu mi\u00f0la af sinni reynslu til yngri i\u00f0kenda og kenna \u00feeim sitthva\u00f0 af \u00feeim snilldart\u00f6ktum sem \u00feeir hafa s\u00fdnt \u00ed leikjum Framli\u00f0sins \u00ed sumar.<br \/>\nFleiri leikmenn meistaraflokks Fram munu k\u00edkja \u00ed heims\u00f3kn og aldrei a\u00f0 vita nema a\u00f0 fleiri g\u00f3\u00f0ir gestir l\u00e1ti sj\u00e1 sig.<\/p>\n<p>I\u00f0kendum ver\u00f0ur skipt \u00ed h\u00f3pa eftir aldri, reynslu og getu \u00feannig a\u00f0 allir f\u00e1i verkefni vi\u00f0 h\u00e6fi. Vi\u00f0 hvetjum stelpur jafnt sem str\u00e1ka til a\u00f0 skr\u00e1 sig \u00e1 n\u00e1mskei\u00f0i\u00f0.<\/p>\n<p>\u00de\u00e1tttakendur m\u00e6ta me\u00f0 sitt eigi\u00f0 nesti og er br\u00fdnt fyrir foreldrum a\u00f0 senda b\u00f6rnin me\u00f0 hollt nesti.<\/p>\n<p>N\u00e1mskei\u00f0sgjald er kr. 14.000-.<\/p>\n<p>Skr\u00e1ning \u00e1 <a href=\"https:\/\/fram.felog.is\/\" target=\"_blank\" rel=\"noopener\">fram.felog.is<\/a><\/p>","protected":false},"excerpt":{"rendered":"<p>Dagana 12.-21. \u00e1g\u00fast stendur knattspyrnudeild Fram fyrir Copa America knattspyrnusk\u00f3la Fram. N\u00e1mskei\u00f0i\u00f0 er \u00e6tla\u00f0 stelpum og str\u00e1kum \u00ed 5. 6. og 7. flokki (b\u00f6rn f\u00e6dd 2007-2012). Einnig b\u00f6rnum \u00e1 elsta [&hellip;]<\/p>","protected":false},"author":6,"featured_media":20924,"comment_status":"open","ping_status":"open","sticky":false,"template":"","format":"standard","meta":{"_monsterinsights_skip_tracking":false,"_monsterinsights_sitenote_active":false,"_monsterinsights_sitenote_note":"","_monsterinsights_sitenote_category":0,"_jetpack_memberships_contains_paid_content":false,"footnotes":""},"categories":[10,9,13,20],"tags":[],"class_list":["post-20907","post","type-post","status-publish","format-standard","has-post-thumbnail","hentry","category-frettir","category-fotbolti","category-yngriflokkar","category-framiceland"],"jetpack_sharing_enabled":true,"jetpack_featured_media_url":"https:\/\/fram.is\/wp-content\/uploads\/2019\/08\/Copa-America-sk\u00f3li.fors\u00ed\u00f0a.jpg","_links":{"self":[{"href":"https:\/\/fram.is\/is\/wp-json\/wp\/v2\/posts\/20907","targetHints":{"allow":["GET"]}}],"collection":[{"href":"https:\/\/fram.is\/is\/wp-json\/wp\/v2\/posts"}],"about":[{"href":"https:\/\/fram.is\/is\/wp-json\/wp\/v2\/types\/post"}],"author":[{"embeddable":true,"href":"https:\/\/fram.is\/is\/wp-json\/wp\/v2\/users\/6"}],"replies":[{"embeddable":true,"href":"https:\/\/fram.is\/is\/wp-json\/wp\/v2\/comments?post=20907"}],"version-history":[{"count":0,"href":"https:\/\/fram.is\/is\/wp-json\/wp\/v2\/posts\/20907\/revisions"}],"wp:featuredmedia":[{"embeddable":true,"href":"https:\/\/fram.is\/is\/wp-json\/wp\/v2\/media\/20924"}],"wp:attachment":[{"href":"https:\/\/fram.is\/is\/wp-json\/wp\/v2\/media?parent=20907"}],"wp:term":[{"taxonomy":"category","embeddable":true,"href":"https:\/\/fram.is\/is\/wp-json\/wp\/v2\/categories?post=20907"},{"taxonomy":"post_tag","embeddable":true,"href":"https:\/\/fram.is\/is\/wp-json\/wp\/v2\/tags?post=20907"}],"curies":[{"name":"wp","href":"https:\/\/api.w.org\/{rel}","templated":true}]}}