{"id":20952,"date":"2019-08-12T15:13:35","date_gmt":"2019-08-12T15:13:35","guid":{"rendered":"http:\/\/fram.is\/?p=20952"},"modified":"2019-08-12T15:13:35","modified_gmt":"2019-08-12T15:13:35","slug":"vel-heppnad-fram-open-2019","status":"publish","type":"post","link":"https:\/\/fram.is\/is\/2019\/08\/12\/vel-heppnad-fram-open-2019\/","title":{"rendered":"Vel heppna\u00f0 FRAM Open 2019"},"content":{"rendered":"<p><a href=\"http:\/\/fram.is\/is\/?attachment_id=20957\"><img fetchpriority=\"high\" decoding=\"async\" class=\"alignright size-medium wp-image-20957\" src=\"http:\/\/fram.is\/wp-content\/uploads\/2019\/08\/brynjar-og-fr\u00fa-g\u00f3\u00f0-300x261.jpg\" alt=\"\" width=\"300\" height=\"261\" \/><\/a><a href=\"http:\/\/fram.is\/is\/?attachment_id=20958\"><img decoding=\"async\" class=\"alignright size-medium wp-image-20958\" src=\"http:\/\/fram.is\/wp-content\/uploads\/2019\/08\/Raggi-steinars-300x261.jpg\" alt=\"\" width=\"300\" height=\"261\" \/><\/a><a href=\"http:\/\/fram.is\/is\/?attachment_id=20959\"><img decoding=\"async\" class=\"alignright size-medium wp-image-20959\" src=\"http:\/\/fram.is\/wp-content\/uploads\/2019\/08\/hergeir-2-s\u00e6ti-300x261.jpg\" alt=\"\" width=\"300\" height=\"261\" \/><\/a><a href=\"http:\/\/fram.is\/is\/?attachment_id=20960\"><img loading=\"lazy\" decoding=\"async\" class=\"alignright size-medium wp-image-20960\" src=\"http:\/\/fram.is\/wp-content\/uploads\/2019\/08\/Hallmundur-3-s\u00e6ti-300x261.jpg\" alt=\"\" width=\"300\" height=\"261\" \/><\/a><a href=\"http:\/\/fram.is\/is\/?attachment_id=20961\"><img loading=\"lazy\" decoding=\"async\" class=\"alignright size-medium wp-image-20961\" src=\"http:\/\/fram.is\/wp-content\/uploads\/2019\/08\/Nanna-1-s\u00e6ti-300x261.jpg\" alt=\"\" width=\"300\" height=\"261\" \/><\/a> <a href=\"http:\/\/fram.is\/is\/?attachment_id=20962\"><img loading=\"lazy\" decoding=\"async\" class=\"alignright size-medium wp-image-20962\" src=\"http:\/\/fram.is\/wp-content\/uploads\/2019\/08\/Erna-2-s\u00e6ti-300x261.jpg\" alt=\"\" width=\"300\" height=\"261\" \/><\/a><a href=\"http:\/\/fram.is\/is\/?attachment_id=20963\"><img loading=\"lazy\" decoding=\"async\" class=\"alignright size-medium wp-image-20963\" src=\"http:\/\/fram.is\/wp-content\/uploads\/2019\/08\/Andrea-3-s\u00e6ti-300x261.jpg\" alt=\"\" width=\"300\" height=\"261\" \/><\/a>FRAM Open 2019 var haldi\u00f0 me\u00f0 pomp og prakt\u00a0 f\u00f6studaginn 9. \u00e1g\u00fast. Ve\u00f0ur var gott en sm\u00e1 strekkingur \u00ed \u00d6ndver\u00f0arnesi, m\u00e6tingin fr\u00e1b\u00e6r en 80 spilarar m\u00e6ttu til leiks.\u00a0 M\u00f3ti\u00f0 var allt hi\u00f0 skemmtilegasta, l\u00e9tt yfir \u00f6llum og \u00fea\u00f0 voru sag\u00f0ar s\u00f6gur \u00e1 \u00f6llum brautum.<\/p>\n<p>Reynir Stef\u00e1nsson m\u00f3tstj\u00f3ri sj\u00e1 til \u00feessa a\u00f0 allir voru r\u00e6stir \u00fat stundv\u00edslega kl. 13:05 og voru s\u00ed\u00f0ustu h\u00f3parnir a\u00f0 koma inn um kl. 17:30<br \/>\nVeitt voru ver\u00f0laun fyrir 1. s\u00e6ti\u00f0 \u00ed h\u00f6ggleik karla og kvenna, ver\u00f0laun fyrir 3 efstu s\u00e6tin \u00ed punktakeppni karla og kvenna.<\/p>\n<p>Sigurvegarar \u00ed h\u00f6ggleik:<\/p>\n<p>Steinunn Braga Bragad\u00f3ttir\u00a0\u00a0\u00a0\u00a0\u00a0\u00a0\u00a0\u00a0\u00a0\u00a0\u00a0\u00a0\u00a0\u00a0\u00a0\u00a0\u00a0\u00a0\u00a0\u00a0\u00a0\u00a0\u00a0 92 h\u00f6gg<br \/>\nBrynjar J\u00f3hannesson\u00a0\u00a0\u00a0\u00a0\u00a0\u00a0\u00a0\u00a0\u00a0\u00a0\u00a0\u00a0\u00a0\u00a0\u00a0\u00a0\u00a0\u00a0\u00a0\u00a0\u00a0\u00a0\u00a0\u00a0\u00a0\u00a0\u00a0\u00a0\u00a0\u00a0\u00a0\u00a0\u00a0 77 h\u00f6gg<\/p>\n<p>Sigurvegarar \u00ed punktakeppni:<\/p>\n<p>Ragnar \u00d3 Steinarsson\u00a0\u00a0\u00a0\u00a0\u00a0\u00a0\u00a0\u00a0\u00a0\u00a0\u00a0\u00a0\u00a0\u00a0\u00a0\u00a0\u00a0\u00a0\u00a0\u00a0\u00a0\u00a0\u00a0\u00a0\u00a0\u00a0\u00a0\u00a0\u00a0\u00a0\u00a0\u00a037 punktar<br \/>\nHergeir El\u00edasson\u00a0\u00a0\u00a0\u00a0\u00a0 \u00a0\u00a0\u00a0\u00a0\u00a0\u00a0\u00a0\u00a0\u00a0 \u00a0\u00a0\u00a0\u00a0\u00a0\u00a0\u00a0\u00a0\u00a0\u00a0\u00a0\u00a0\u00a0\u00a0\u00a0\u00a0\u00a0\u00a0\u00a0\u00a0\u00a0\u00a0\u00a0\u00a0 36 punktar<br \/>\nHallmundur Albertsson\u00a0\u00a0\u00a0\u00a0\u00a0\u00a0\u00a0\u00a0\u00a0\u00a0\u00a0\u00a0\u00a0\u00a0\u00a0\u00a0\u00a0\u00a0\u00a0\u00a0\u00a0\u00a0\u00a0\u00a0\u00a0\u00a0\u00a0\u00a0\u00a0\u00a0\u00a036 punktar<\/p>\n<p>Nanna El\u00edsabet Har\u00f0ard\u00f3ttir\u00a0\u00a0\u00a0\u00a0\u00a0\u00a0\u00a0\u00a0\u00a0\u00a0\u00a0\u00a0\u00a0\u00a0\u00a0\u00a0\u00a0\u00a0\u00a0\u00a0\u00a0 35 punktar<br \/>\nErna Anine Thorstensen\u00a0\u00a0\u00a0\u00a0\u00a0\u00a0\u00a0\u00a0\u00a0\u00a0\u00a0\u00a0\u00a0\u00a0\u00a0\u00a0\u00a0\u00a0\u00a0\u00a0\u00a0\u00a0\u00a0\u00a0\u00a0\u00a0\u00a0 32 punktar<br \/>\nAndrea Steinarsd\u00f3ttir\u00a0\u00a0\u00a0\u00a0\u00a0\u00a0\u00a0\u00a0\u00a0\u00a0\u00a0\u00a0\u00a0\u00a0\u00a0\u00a0\u00a0\u00a0\u00a0\u00a0\u00a0 \u00a0\u00a0\u00a0\u00a0\u00a0\u00a0\u00a0\u00a0\u00a0\u00a0\u00a0\u00a0\u00a032 punktar<\/p>\n<p>N\u00e1ndarver\u00f0laun voru veitt \u00e1 \u00f6llum par \u00ferj\u00fa brautum, lengsta teigh\u00f6gg karla og kvenna \u00e1 7. braut, \u00e1samt \u00fev\u00ed a\u00f0 dregi\u00f0 var \u00far skorkortum.<br \/>\nAllir fengu teiggj\u00f6f og g\u00f3\u00f0ur matur \u00ed m\u00f3tslok.<\/p>\n<p>Vel heppna\u00f0 m\u00f3t og skipulag allt hi\u00f0 besta.<\/p>\n<p>Knattspyrnuf\u00e9lagi\u00f0 FRAM \u00feakkar \u00fe\u00e1tttakendum og \u00feeim sem m\u00e6ttu \u00e1 m\u00f3ti\u00f0 fyrir skemmtilegt m\u00f3t og vonumst eftir a\u00f0 sj\u00e1 ykkur a\u00f0 \u00e1ri.<\/p>\n<p>\u00c1FRAM FRAM<\/p>\n<p>&nbsp;<\/p>","protected":false},"excerpt":{"rendered":"<p>FRAM Open 2019 var haldi\u00f0 me\u00f0 pomp og prakt\u00a0 f\u00f6studaginn 9. \u00e1g\u00fast. Ve\u00f0ur var gott en sm\u00e1 strekkingur \u00ed \u00d6ndver\u00f0arnesi, m\u00e6tingin fr\u00e1b\u00e6r en 80 spilarar m\u00e6ttu til leiks.\u00a0 M\u00f3ti\u00f0 var [&hellip;]<\/p>","protected":false},"author":4,"featured_media":20964,"comment_status":"open","ping_status":"open","sticky":false,"template":"","format":"standard","meta":{"_monsterinsights_skip_tracking":false,"_monsterinsights_sitenote_active":false,"_monsterinsights_sitenote_note":"","_monsterinsights_sitenote_category":0,"_jetpack_memberships_contains_paid_content":false,"footnotes":""},"categories":[8,10],"tags":[],"class_list":["post-20952","post","type-post","status-publish","format-standard","has-post-thumbnail","hentry","category-adalstjorn","category-frettir"],"jetpack_sharing_enabled":true,"jetpack_featured_media_url":"https:\/\/fram.is\/wp-content\/uploads\/2019\/08\/Ragnar-og-f\u00e9lagar-scaled.jpg","_links":{"self":[{"href":"https:\/\/fram.is\/is\/wp-json\/wp\/v2\/posts\/20952","targetHints":{"allow":["GET"]}}],"collection":[{"href":"https:\/\/fram.is\/is\/wp-json\/wp\/v2\/posts"}],"about":[{"href":"https:\/\/fram.is\/is\/wp-json\/wp\/v2\/types\/post"}],"author":[{"embeddable":true,"href":"https:\/\/fram.is\/is\/wp-json\/wp\/v2\/users\/4"}],"replies":[{"embeddable":true,"href":"https:\/\/fram.is\/is\/wp-json\/wp\/v2\/comments?post=20952"}],"version-history":[{"count":0,"href":"https:\/\/fram.is\/is\/wp-json\/wp\/v2\/posts\/20952\/revisions"}],"wp:featuredmedia":[{"embeddable":true,"href":"https:\/\/fram.is\/is\/wp-json\/wp\/v2\/media\/20964"}],"wp:attachment":[{"href":"https:\/\/fram.is\/is\/wp-json\/wp\/v2\/media?parent=20952"}],"wp:term":[{"taxonomy":"category","embeddable":true,"href":"https:\/\/fram.is\/is\/wp-json\/wp\/v2\/categories?post=20952"},{"taxonomy":"post_tag","embeddable":true,"href":"https:\/\/fram.is\/is\/wp-json\/wp\/v2\/tags?post=20952"}],"curies":[{"name":"wp","href":"https:\/\/api.w.org\/{rel}","templated":true}]}}