{"id":20966,"date":"2019-08-13T12:43:20","date_gmt":"2019-08-13T12:43:20","guid":{"rendered":"http:\/\/fram.is\/?p=20966"},"modified":"2019-08-13T12:43:20","modified_gmt":"2019-08-13T12:43:20","slug":"meistaraflokkur-kvenna-i-aefingaferd-til-pollands","status":"publish","type":"post","link":"https:\/\/fram.is\/is\/2019\/08\/13\/meistaraflokkur-kvenna-i-aefingaferd-til-pollands\/","title":{"rendered":"Meistaraflokkur kvenna \u00ed \u00e6fingafer\u00f0 til P\u00f3llands"},"content":{"rendered":"<p><strong><a href=\"http:\/\/fram.is\/is\/?attachment_id=20967\"><img fetchpriority=\"high\" decoding=\"async\" class=\"alignright size-medium wp-image-20967\" src=\"http:\/\/fram.is\/wp-content\/uploads\/2019\/08\/Mfl.kvenna-li\u00f0smynd-300x200.jpg\" alt=\"\" width=\"300\" height=\"200\" \/><\/a>\u00cd kv\u00f6ld heldur meistaraflokkur kvenna Fram \u00ed \u00e6fingafer\u00f0 \u00fat fyrir landsteinana.\u00a0 \u00cd \u00feetta sinn skal haldi\u00f0 \u00ed v\u00edking til P\u00f3llands.\u00a0 \u00c1fangasta\u00f0urinn er Mielno sem er \u00e1 nor\u00f0urstr\u00f6nd P\u00f3llands.\u00a0 Fer\u00f0alagi\u00f0 g\u00e6ti veri\u00f0 meira spennandi en flogi\u00f0 ver\u00f0ur til Gdansk og lent \u00fear um kl. 2 a\u00f0 p\u00f3lskum t\u00edma a\u00f0fararn\u00f3tt mi\u00f0vikudags.\u00a0 \u00de\u00e1 tekur vi\u00f0 akstur \u00ed 3 \u2013 4 klukkustundir n\u00e6stu n\u00f3tt og komi\u00f0 \u00e1 \u00e1fangasta\u00f0 undir morgun \u00e1 mi\u00f0vikudegi.\u00a0 <\/strong><\/p>\n<p><strong>Samkv\u00e6mt \u00feeim uppl\u00fdsingum sem tekist hefur a\u00f0 afla um \u00feennan b\u00e6, Mielno, \u00fe\u00e1 er \u00feetta b\u00e6r me\u00f0 um \u00fea\u00f0 bil 3.000 \u00edb\u00faum.\u00a0 \u00deetta mun vera strandb\u00e6r sem er vins\u00e6ll hj\u00e1 heimam\u00f6nnum til a\u00f0 fara \u00ed fr\u00ed og komast \u00e1 str\u00f6ndina.<\/strong><\/p>\n<p><strong>\u00dearna mun meistaraflokkurinn dveljast fram \u00e1 laugardag \u00feegar haldi\u00f0 ver\u00f0ur heim \u00e1 lei\u00f0 aftur.<\/strong><\/p>\n<p><strong>Stef\u00e1n \u00fej\u00e1lfari hefur sett upp st\u00edfa dagskr\u00e1 \u00feessa daga og ver\u00f0ur \u00e6ft og spila\u00f0ir \u00e6fingaleikir alla daganna ef \u00e1\u00e6tlunin gengur eftir.<\/strong><\/p>\n<p><strong>Leiki\u00f0 ver\u00f0ur vi\u00f0 tv\u00f6 p\u00f3lsk li\u00f0, sem heita Energa Koszalin og Szczecin, sem ekki er vita\u00f0 miki\u00f0 um.\u00a0 En s\u00ed\u00f0an ver\u00f0ur einnig leiki\u00f0 vi\u00f0 norska li\u00f0i\u00f0 Tertnes.\u00a0 Fram l\u00e9k einmitt vi\u00f0 Tertnes \u00ed EHF Cup veturinn 2012 \u2013 2013, en \u00fe\u00e1 haf\u00f0i Tertnes betur.<\/strong><\/p>\n<p><strong>Eftir a\u00f0 li\u00f0i\u00f0 h\u00e6tti a\u00f0 taka \u00fe\u00e1tt \u00ed evr\u00f3pukeppnum fyrir nokkrum \u00e1rum, \u00fear sem kostna\u00f0inn vi\u00f0 sl\u00edka \u00fe\u00e1ttt\u00f6ku var or\u00f0in svo mikill, \u00fe\u00e1 hefur meistaraflokkurinn fari\u00f0 undanfarin \u00e1r \u00ed vel heppna\u00f0ar \u00e6fingafer\u00f0ir \u00e1 haustin, tvisvar til T\u00e9kklands og einu sinni til Noregs.<\/strong><\/p>\n<p><strong>\u00de\u00f3 a\u00f0 kostna\u00f0urinn s\u00e9 mikill vi\u00f0 sl\u00edka \u00e6fingafer\u00f0 \u00fe\u00e1 er hann \u00fe\u00f3 \u00feannig a\u00f0 hann liggur fyrir \u00feegar fer\u00f0in er skipul\u00f6g\u00f0 og \u00e1kve\u00f0in.\u00a0 Kostna\u00f0ur vegna \u00fe\u00e1ttt\u00f6ku \u00ed evr\u00f3pukeppnum er hins vegar happdr\u00e6tti sem mj\u00f6g erfitt getur veri\u00f0 a\u00f0 fj\u00e1rmagna ef \u00fe\u00fa ert \u00f3heppin me\u00f0 m\u00f3therja og eins ef li\u00f0i\u00f0 tekur upp \u00e1 \u00fev\u00ed a\u00f0 komast eitthva\u00f0 \u00e1fram \u00ed sl\u00edkri keppni.<\/strong><\/p>\n<p><strong>Reynt ver\u00f0ur a\u00f0 uppl\u00fdsa um gang m\u00e1la \u00ed \u00feessari fer\u00f0 \u00e1 s\u00ed\u00f0um Fram.<\/strong><\/p>\n<p><strong>\u00c1fram FRAM<\/strong><\/p>\n<p>&nbsp;<\/p>","protected":false},"excerpt":{"rendered":"<p>\u00cd kv\u00f6ld heldur meistaraflokkur kvenna Fram \u00ed \u00e6fingafer\u00f0 \u00fat fyrir landsteinana.\u00a0 \u00cd \u00feetta sinn skal haldi\u00f0 \u00ed v\u00edking til P\u00f3llands.\u00a0 \u00c1fangasta\u00f0urinn er Mielno sem er \u00e1 nor\u00f0urstr\u00f6nd P\u00f3llands.\u00a0 Fer\u00f0alagi\u00f0 g\u00e6ti [&hellip;]<\/p>","protected":false},"author":4,"featured_media":20968,"comment_status":"open","ping_status":"open","sticky":false,"template":"","format":"standard","meta":{"_monsterinsights_skip_tracking":false,"_monsterinsights_sitenote_active":false,"_monsterinsights_sitenote_note":"","_monsterinsights_sitenote_category":0,"_jetpack_memberships_contains_paid_content":false,"footnotes":""},"categories":[6,15],"tags":[],"class_list":["post-20966","post","type-post","status-publish","format-standard","has-post-thumbnail","hentry","category-handbolti","category-mfl-kvenna"],"jetpack_sharing_enabled":true,"jetpack_featured_media_url":"https:\/\/fram.is\/wp-content\/uploads\/2019\/08\/Mfl.jpg","_links":{"self":[{"href":"https:\/\/fram.is\/is\/wp-json\/wp\/v2\/posts\/20966","targetHints":{"allow":["GET"]}}],"collection":[{"href":"https:\/\/fram.is\/is\/wp-json\/wp\/v2\/posts"}],"about":[{"href":"https:\/\/fram.is\/is\/wp-json\/wp\/v2\/types\/post"}],"author":[{"embeddable":true,"href":"https:\/\/fram.is\/is\/wp-json\/wp\/v2\/users\/4"}],"replies":[{"embeddable":true,"href":"https:\/\/fram.is\/is\/wp-json\/wp\/v2\/comments?post=20966"}],"version-history":[{"count":0,"href":"https:\/\/fram.is\/is\/wp-json\/wp\/v2\/posts\/20966\/revisions"}],"wp:featuredmedia":[{"embeddable":true,"href":"https:\/\/fram.is\/is\/wp-json\/wp\/v2\/media\/20968"}],"wp:attachment":[{"href":"https:\/\/fram.is\/is\/wp-json\/wp\/v2\/media?parent=20966"}],"wp:term":[{"taxonomy":"category","embeddable":true,"href":"https:\/\/fram.is\/is\/wp-json\/wp\/v2\/categories?post=20966"},{"taxonomy":"post_tag","embeddable":true,"href":"https:\/\/fram.is\/is\/wp-json\/wp\/v2\/tags?post=20966"}],"curies":[{"name":"wp","href":"https:\/\/api.w.org\/{rel}","templated":true}]}}