{"id":21093,"date":"2019-09-04T13:20:30","date_gmt":"2019-09-04T13:20:30","guid":{"rendered":"http:\/\/fram.is\/?p=21093"},"modified":"2019-09-04T13:20:30","modified_gmt":"2019-09-04T13:20:30","slug":"heimaleikjakort-fram-handbolta-fyrir-keppnisarid-2019-2020","status":"publish","type":"post","link":"https:\/\/fram.is\/is\/2019\/09\/04\/heimaleikjakort-fram-handbolta-fyrir-keppnisarid-2019-2020\/","title":{"rendered":"Heimaleikjakort FRAM handbolta fyrir keppnis\u00e1ri\u00f0 2019-2020"},"content":{"rendered":"<div class=\"wp-block-image\"><figure class=\"alignright is-resized\"><img fetchpriority=\"high\" decoding=\"async\" src=\"http:\/\/fram.is\/wp-content\/uploads\/2019\/09\/Mfl.kv_.-meistari-meistaranna-2019.jpg\" alt=\"\" class=\"wp-image-21094\" width=\"344\" height=\"229\"\/><\/figure><\/div><p>Heimaleikjakort FRAM handbolta fyrir keppnis\u00e1ri\u00f0 2019-2020<\/p><p>St\u00f3r fj\u00e1r\u00f6flunar\u00fe\u00e1ttur \u00ed starfi handknattleiksdeildarinnar. <br>Engin afs\u00f6kun:  Kortin eru \u00f3d\u00fdr, margir leikir og g\u00f3\u00f0 skemmtun fyrir FRAMARA<\/p><p>Vi\u00f0 bj\u00f3\u00f0um upp \u00e1 \u00ferj\u00fa kort:<\/p><p>\u00c1rskort fyrir einn &#8211; 2.000 \u00e1 m\u00e1n e\u00f0a 20.000 \u00ed eingrei\u00f0slu<\/p><p>\u00c1rskort fyrir tvo &#8211; 3.000 \u00e1 m\u00e1n e\u00f0a 30.000 \u00ed eingrei\u00f0slu<\/p><p>Ungmennakort fyrir 25 \u00e1ra og yngri &#8211; 1.500 \u00e1 m\u00e1n e\u00f0a 15.000 kr\u00f3nur \u00ed eingrei\u00f0slu<\/p><p>Skr\u00e1ning fer fram \u00e1 fram.felog.is &#8211; Einnig getur \u00fe\u00fa sent mail \u00e1 toggi@fram.is ef \u00fe\u00fa vilt f\u00e1 kr\u00f6fu \u00e1 heimabanka, borga me\u00f0 kredit korti e\u00f0a grei\u00f0a \u00e1 annan m\u00e1ta.<\/p><p>Hj\u00e1lpa\u00f0u okkur, deildu \u00feessari f\u00e6rslu og hnipptu \u00ed n\u00e6sta FRAMARA. Gerum Safam\u00fdrina a\u00f0 gryfju \u00ed vetur. \u00deinn stu\u00f0ningur skiptir okkur m\u00e1li !<\/p><p>Handknattleiksdeild FRAM <\/p>","protected":false},"excerpt":{"rendered":"<p>Heimaleikjakort FRAM handbolta fyrir keppnis\u00e1ri\u00f0 2019-2020 St\u00f3r fj\u00e1r\u00f6flunar\u00fe\u00e1ttur \u00ed starfi handknattleiksdeildarinnar. Engin afs\u00f6kun: Kortin eru \u00f3d\u00fdr, margir leikir og g\u00f3\u00f0 skemmtun fyrir FRAMARA Vi\u00f0 bj\u00f3\u00f0um upp \u00e1 \u00ferj\u00fa kort: \u00c1rskort [&hellip;]<\/p>","protected":false},"author":4,"featured_media":21095,"comment_status":"open","ping_status":"open","sticky":false,"template":"","format":"standard","meta":{"_monsterinsights_skip_tracking":false,"_monsterinsights_sitenote_active":false,"_monsterinsights_sitenote_note":"","_monsterinsights_sitenote_category":0,"_jetpack_memberships_contains_paid_content":false,"footnotes":""},"categories":[6,15,19],"tags":[],"class_list":["post-21093","post","type-post","status-publish","format-standard","has-post-thumbnail","hentry","category-handbolti","category-mfl-kvenna","category-mfl-karla"],"jetpack_sharing_enabled":true,"jetpack_featured_media_url":"https:\/\/fram.is\/wp-content\/uploads\/2019\/09\/Steinunn-me\u00f0-bikarinn-MM-vefur.jpg","_links":{"self":[{"href":"https:\/\/fram.is\/is\/wp-json\/wp\/v2\/posts\/21093","targetHints":{"allow":["GET"]}}],"collection":[{"href":"https:\/\/fram.is\/is\/wp-json\/wp\/v2\/posts"}],"about":[{"href":"https:\/\/fram.is\/is\/wp-json\/wp\/v2\/types\/post"}],"author":[{"embeddable":true,"href":"https:\/\/fram.is\/is\/wp-json\/wp\/v2\/users\/4"}],"replies":[{"embeddable":true,"href":"https:\/\/fram.is\/is\/wp-json\/wp\/v2\/comments?post=21093"}],"version-history":[{"count":0,"href":"https:\/\/fram.is\/is\/wp-json\/wp\/v2\/posts\/21093\/revisions"}],"wp:featuredmedia":[{"embeddable":true,"href":"https:\/\/fram.is\/is\/wp-json\/wp\/v2\/media\/21095"}],"wp:attachment":[{"href":"https:\/\/fram.is\/is\/wp-json\/wp\/v2\/media?parent=21093"}],"wp:term":[{"taxonomy":"category","embeddable":true,"href":"https:\/\/fram.is\/is\/wp-json\/wp\/v2\/categories?post=21093"},{"taxonomy":"post_tag","embeddable":true,"href":"https:\/\/fram.is\/is\/wp-json\/wp\/v2\/tags?post=21093"}],"curies":[{"name":"wp","href":"https:\/\/api.w.org\/{rel}","templated":true}]}}