{"id":21101,"date":"2019-09-05T13:10:54","date_gmt":"2019-09-05T13:10:54","guid":{"rendered":"http:\/\/fram.is\/?p=21101"},"modified":"2019-09-05T13:10:54","modified_gmt":"2019-09-05T13:10:54","slug":"hafdis-lilja-med-fram-i-olisdeildinni","status":"publish","type":"post","link":"https:\/\/fram.is\/is\/2019\/09\/05\/hafdis-lilja-med-fram-i-olisdeildinni\/","title":{"rendered":"Hafd\u00eds Lilja me\u00f0 FRAM \u00ed Ol\u00edsdeildinni."},"content":{"rendered":"<div class=\"wp-block-image\"><figure class=\"alignright is-resized\"><img fetchpriority=\"high\" decoding=\"async\" src=\"http:\/\/fram.is\/wp-content\/uploads\/2019\/09\/Hafd\u00eds-Ren-002.jpg\" alt=\"\" class=\"wp-image-21102\" width=\"315\" height=\"420\"\/><\/figure><\/div><p>\u00dea\u00f0 er handknattleiksdeild Fram s\u00e9rst\u00f6k \u00e1n\u00e6gja a\u00f0 tilkynna a\u00f0 landsli\u00f0smarkma\u00f0urinn Hafd\u00eds Ren\u00f6tud\u00f3ttir hefur skrifa\u00f0 undir 2 \u00e1ra samning vi\u00f0 Fram. <br><br>Hafd\u00eds sem er uppalinn \u00ed Fram hefur spila\u00f0 erlendis s\u00ed\u00f0ustu \u00e1r sem atvinnuma\u00f0ur.<\/p><p>Velkomin heim \u00ed Fram Hafd\u00eds!<\/p>","protected":false},"excerpt":{"rendered":"<p>\u00dea\u00f0 er handknattleiksdeild Fram s\u00e9rst\u00f6k \u00e1n\u00e6gja a\u00f0 tilkynna a\u00f0 landsli\u00f0smarkma\u00f0urinn Hafd\u00eds Ren\u00f6tud\u00f3ttir hefur skrifa\u00f0 undir 2 \u00e1ra samning vi\u00f0 Fram. Hafd\u00eds sem er uppalinn \u00ed Fram hefur spila\u00f0 erlendis s\u00ed\u00f0ustu [&hellip;]<\/p>","protected":false},"author":4,"featured_media":21103,"comment_status":"open","ping_status":"open","sticky":false,"template":"","format":"standard","meta":{"_monsterinsights_skip_tracking":false,"_monsterinsights_sitenote_active":false,"_monsterinsights_sitenote_note":"","_monsterinsights_sitenote_category":0,"_jetpack_memberships_contains_paid_content":false,"footnotes":""},"categories":[15,6],"tags":[],"class_list":["post-21101","post","type-post","status-publish","format-standard","has-post-thumbnail","hentry","category-mfl-kvenna","category-handbolti"],"jetpack_sharing_enabled":true,"jetpack_featured_media_url":"https:\/\/fram.is\/wp-content\/uploads\/2019\/09\/Hafd\u00eds-Ren-vefur.jpg","_links":{"self":[{"href":"https:\/\/fram.is\/is\/wp-json\/wp\/v2\/posts\/21101","targetHints":{"allow":["GET"]}}],"collection":[{"href":"https:\/\/fram.is\/is\/wp-json\/wp\/v2\/posts"}],"about":[{"href":"https:\/\/fram.is\/is\/wp-json\/wp\/v2\/types\/post"}],"author":[{"embeddable":true,"href":"https:\/\/fram.is\/is\/wp-json\/wp\/v2\/users\/4"}],"replies":[{"embeddable":true,"href":"https:\/\/fram.is\/is\/wp-json\/wp\/v2\/comments?post=21101"}],"version-history":[{"count":0,"href":"https:\/\/fram.is\/is\/wp-json\/wp\/v2\/posts\/21101\/revisions"}],"wp:featuredmedia":[{"embeddable":true,"href":"https:\/\/fram.is\/is\/wp-json\/wp\/v2\/media\/21103"}],"wp:attachment":[{"href":"https:\/\/fram.is\/is\/wp-json\/wp\/v2\/media?parent=21101"}],"wp:term":[{"taxonomy":"category","embeddable":true,"href":"https:\/\/fram.is\/is\/wp-json\/wp\/v2\/categories?post=21101"},{"taxonomy":"post_tag","embeddable":true,"href":"https:\/\/fram.is\/is\/wp-json\/wp\/v2\/tags?post=21101"}],"curies":[{"name":"wp","href":"https:\/\/api.w.org\/{rel}","templated":true}]}}