{"id":2112,"date":"2013-02-15T14:13:58","date_gmt":"2013-02-15T14:13:58","guid":{"rendered":"http:\/\/fram.is\/?p=2112"},"modified":"2013-02-15T14:13:58","modified_gmt":"2013-02-15T14:13:58","slug":"fram-maetir-grottu-i-simabikarnum","status":"publish","type":"post","link":"https:\/\/fram.is\/is\/2013\/02\/15\/fram-maetir-grottu-i-simabikarnum\/","title":{"rendered":"FRAM m\u00e6tir Gr\u00f3ttu \u00ed S\u00edmabikarnum"},"content":{"rendered":"<p><a href=\"http:\/\/fram.is\/wp-content\/uploads\/2013\/02\/Bikar2011.jpg\"><img fetchpriority=\"high\" decoding=\"async\" class=\"alignleft size-medium wp-image-2115\" alt=\"Bikar2011\" src=\"http:\/\/fram.is\/wp-content\/uploads\/2013\/02\/Bikar2011-300x199.jpg\" width=\"300\" height=\"199\" \/><\/a>Dregi\u00f0 var \u00ed undan\u00farsilt S\u00edmabikarkeppni karla og kvenna \u00ed handknattleik \u00ed h\u00e1deginu \u00ed dag. \u00a0Kvennali\u00f0 FRAM var \u00ed pottinum og dr\u00f3st gegn Gr\u00f3ttu. \u00a0\u00cdBV og Valur m\u00e6tast \u00ed hinni vi\u00f0ureign undan\u00farslitanna, sem fram fara laugardaginn 9.mars.<\/p>\n<p>\u00cd undan\u00farslitum karla m\u00e6tast Akureyri og Stjarnan annars vegar og Selfoss og \u00cdR hins vegar. \u00a0Undan\u00farslitaleikirnir \u00ed karlaflokki fara fram f\u00f6studaginn 8.mars, en \u00feessari miklu bikarhelgi l\u00fdkur me\u00f0 \u00farslitaleikjum sunnudaginn 10.mars. \u00a0Leikirnir fara allir fram \u00ed Laugardalsh\u00f6ll.<\/p>\n<p><strong>S\u00edmabikar karla:<br \/>\nUndan\u00farslit:<\/strong><br \/>\nF\u00f6s. 8.mars | Akureyri &#8211; Stjarnan<br \/>\nF\u00f6s. 8.mars | Selfoss &#8211; \u00cdR<br \/>\n<strong>\u00darslitaleikur sunnudaginn 10.mars<\/strong><\/p>\n<p><strong>S\u00edmabikar kvenna:<br \/>\n<\/strong><strong>Undan\u00farslit:<br \/>\n<\/strong>Lau. 9.mars | FRAM &#8211; Gr\u00f3tta<br \/>\nLau. 9.mars | \u00cdBV &#8211; Valur<br \/>\n<strong>\u00darslitaleikur sunnudaginn 10.mars<\/strong><\/p>","protected":false},"excerpt":{"rendered":"<p>Dregi\u00f0 var \u00ed undan\u00farsilt S\u00edmabikarkeppni karla og kvenna \u00ed handknattleik \u00ed h\u00e1deginu \u00ed dag. \u00a0Kvennali\u00f0 FRAM var \u00ed pottinum og dr\u00f3st gegn Gr\u00f3ttu. \u00a0\u00cdBV og Valur m\u00e6tast \u00ed hinni vi\u00f0ureign [&hellip;]<\/p>","protected":false},"author":3,"featured_media":2115,"comment_status":"open","ping_status":"open","sticky":false,"template":"","format":"standard","meta":{"_monsterinsights_skip_tracking":false,"_monsterinsights_sitenote_active":false,"_monsterinsights_sitenote_note":"","_monsterinsights_sitenote_category":0,"_jetpack_memberships_contains_paid_content":false,"footnotes":""},"categories":[6,15],"tags":[],"class_list":["post-2112","post","type-post","status-publish","format-standard","has-post-thumbnail","hentry","category-handbolti","category-mfl-kvenna"],"jetpack_sharing_enabled":true,"jetpack_featured_media_url":"https:\/\/fram.is\/wp-content\/uploads\/2013\/02\/Bikar2011.jpg","_links":{"self":[{"href":"https:\/\/fram.is\/is\/wp-json\/wp\/v2\/posts\/2112","targetHints":{"allow":["GET"]}}],"collection":[{"href":"https:\/\/fram.is\/is\/wp-json\/wp\/v2\/posts"}],"about":[{"href":"https:\/\/fram.is\/is\/wp-json\/wp\/v2\/types\/post"}],"author":[{"embeddable":true,"href":"https:\/\/fram.is\/is\/wp-json\/wp\/v2\/users\/3"}],"replies":[{"embeddable":true,"href":"https:\/\/fram.is\/is\/wp-json\/wp\/v2\/comments?post=2112"}],"version-history":[{"count":0,"href":"https:\/\/fram.is\/is\/wp-json\/wp\/v2\/posts\/2112\/revisions"}],"wp:featuredmedia":[{"embeddable":true,"href":"https:\/\/fram.is\/is\/wp-json\/wp\/v2\/media\/2115"}],"wp:attachment":[{"href":"https:\/\/fram.is\/is\/wp-json\/wp\/v2\/media?parent=2112"}],"wp:term":[{"taxonomy":"category","embeddable":true,"href":"https:\/\/fram.is\/is\/wp-json\/wp\/v2\/categories?post=2112"},{"taxonomy":"post_tag","embeddable":true,"href":"https:\/\/fram.is\/is\/wp-json\/wp\/v2\/tags?post=2112"}],"curies":[{"name":"wp","href":"https:\/\/api.w.org\/{rel}","templated":true}]}}