{"id":21126,"date":"2019-09-11T00:15:01","date_gmt":"2019-09-11T00:15:01","guid":{"rendered":"http:\/\/fram.is\/?p=21126"},"modified":"2019-09-11T00:15:01","modified_gmt":"2019-09-11T00:15:01","slug":"uppskeruhatid-yngri-flokka-laugardaginn-14-september","status":"publish","type":"post","link":"https:\/\/fram.is\/is\/2019\/09\/11\/uppskeruhatid-yngri-flokka-laugardaginn-14-september\/","title":{"rendered":"Uppskeruh\u00e1t\u00ed\u00f0 yngri flokka laugardaginn 14. september"},"content":{"rendered":"<p>Unglingar\u00e1\u00f0 Knattspyrnudeildar Fram heldur hina \u00e1rlegu uppskeruh\u00e1t\u00ed\u00f0 s\u00edna laugardaginn 14. september \u00ed veislusal Fram \u00ed Safam\u00fdri.<\/p><p>\u00cd \u00e1r ver\u00f0ur uppskeruh\u00e1t\u00ed\u00f0in tv\u00edskipt:<\/p><ul class=\"wp-block-list\"><li>kl. 12:00 uppskeruh\u00e1ti\u00f0 3. 4. og 5. flokks (2003-2008).<\/li><li>kl. 12:45 uppskeruh\u00e1t\u00ed\u00f0 6. 7. og 8. flokks (2009 og yngri).<br><\/li><\/ul><p>Nokkrir leikmenn 3. &#8211; 5. flokks ver\u00f0a hei\u00f0ra\u00f0ir fyrir g\u00f3\u00f0a frammist\u00f6\u00f0u og framfarir \u00e1 t\u00edmabilinu sem var a\u00f0 lj\u00faka.<br>Allir i\u00f0kendur \u00ed 6. 7. og 8. flokki f\u00e1 vi\u00f0urkenningu.<br>Eir\u00edksbikarinn ver\u00f0ur afhentur fyrir fyrirmyndar frammist\u00f6\u00f0u innan vallar sem utan og Framd\u00f3mari \u00e1rsins ver\u00f0launa\u00f0ur<\/p><p>A\u00f0 ver\u00f0launaafhendingum loknum ver\u00f0ur i\u00f0kendum, \u00fej\u00e1lfurum og foreldrum bo\u00f0i\u00f0 upp \u00e1 veitingar; grilla\u00f0ar pylsur og drykk.<\/p><p>Allir knattspyrnumenn Fram eru bo\u00f0nir velkomnir \u00e1 h\u00e1t\u00ed\u00f0ina, sem og fj\u00f6lskyldur \u00feeirra.<\/p><p>Foreldrar eru s\u00e9rstaklega hvattir til a\u00f0 koma me\u00f0 b\u00f6rnum s\u00ednum.<\/p><div class=\"wp-block-image\"><figure class=\"aligncenter\"><img decoding=\"async\" src=\"http:\/\/fram.is\/wp-content\/uploads\/2019\/09\/Uppskeruh\u00e1t\u00ed\u00f0-2019-7-1024x573.png\" alt=\"\" class=\"wp-image-21148\"\/><\/figure><\/div><p>Strax a\u00f0 lokinni seinni uppskeruh\u00e1t\u00ed\u00f0inni fj\u00f6lmenna svo allir \u00ed st\u00fakuna \u00ed Safam\u00fdrinni og hvetja meistaraflokk Fram til sigurs \u00ed s\u00ed\u00f0asta heimaleik t\u00edmabilsins \u00ed Inkasso-deildinni.&nbsp; Leikurinn hefst kl. 14:00 og m\u00f3therjarnir ver\u00f0a \u00de\u00f3rsarar fr\u00e1 Akureyri.<\/p><p>Hl\u00f6kkum til a\u00f0 sj\u00e1 ykkur. <\/p><p>Barna- og unglingar\u00e1\u00f0 knattspyrnudeildar Fram. <\/p>","protected":false},"excerpt":{"rendered":"<p>Unglingar\u00e1\u00f0 Knattspyrnudeildar Fram heldur hina \u00e1rlegu uppskeruh\u00e1t\u00ed\u00f0 s\u00edna laugardaginn 14. september \u00ed veislusal Fram \u00ed Safam\u00fdri. \u00cd \u00e1r ver\u00f0ur uppskeruh\u00e1t\u00ed\u00f0in tv\u00edskipt: kl. 12:00 uppskeruh\u00e1ti\u00f0 3. 4. og 5. flokks (2003-2008). [&hellip;]<\/p>","protected":false},"author":6,"featured_media":21164,"comment_status":"open","ping_status":"open","sticky":false,"template":"","format":"standard","meta":{"_monsterinsights_skip_tracking":false,"_monsterinsights_sitenote_active":false,"_monsterinsights_sitenote_note":"","_monsterinsights_sitenote_category":0,"_jetpack_memberships_contains_paid_content":false,"footnotes":""},"categories":[10,13],"tags":[],"class_list":["post-21126","post","type-post","status-publish","format-standard","has-post-thumbnail","hentry","category-frettir","category-yngriflokkar"],"jetpack_sharing_enabled":true,"jetpack_featured_media_url":"https:\/\/fram.is\/wp-content\/uploads\/2019\/09\/Uppskeruh\u00e1t\u00ed\u00f0-2019-7-1024x573-vefue.jpg","_links":{"self":[{"href":"https:\/\/fram.is\/is\/wp-json\/wp\/v2\/posts\/21126","targetHints":{"allow":["GET"]}}],"collection":[{"href":"https:\/\/fram.is\/is\/wp-json\/wp\/v2\/posts"}],"about":[{"href":"https:\/\/fram.is\/is\/wp-json\/wp\/v2\/types\/post"}],"author":[{"embeddable":true,"href":"https:\/\/fram.is\/is\/wp-json\/wp\/v2\/users\/6"}],"replies":[{"embeddable":true,"href":"https:\/\/fram.is\/is\/wp-json\/wp\/v2\/comments?post=21126"}],"version-history":[{"count":0,"href":"https:\/\/fram.is\/is\/wp-json\/wp\/v2\/posts\/21126\/revisions"}],"wp:featuredmedia":[{"embeddable":true,"href":"https:\/\/fram.is\/is\/wp-json\/wp\/v2\/media\/21164"}],"wp:attachment":[{"href":"https:\/\/fram.is\/is\/wp-json\/wp\/v2\/media?parent=21126"}],"wp:term":[{"taxonomy":"category","embeddable":true,"href":"https:\/\/fram.is\/is\/wp-json\/wp\/v2\/categories?post=21126"},{"taxonomy":"post_tag","embeddable":true,"href":"https:\/\/fram.is\/is\/wp-json\/wp\/v2\/tags?post=21126"}],"curies":[{"name":"wp","href":"https:\/\/api.w.org\/{rel}","templated":true}]}}