{"id":21428,"date":"2019-10-15T20:25:57","date_gmt":"2019-10-15T20:25:57","guid":{"rendered":"http:\/\/fram.is\/?p=21428"},"modified":"2019-10-15T20:25:57","modified_gmt":"2019-10-15T20:25:57","slug":"atta-fra-fram-a-haefileikamotun-hsi-og-blaa-lonsins","status":"publish","type":"post","link":"https:\/\/fram.is\/is\/2019\/10\/15\/atta-fra-fram-a-haefileikamotun-hsi-og-blaa-lonsins\/","title":{"rendered":"N\u00edu fr\u00e1 FRAM \u00e1 h\u00e6fileikam\u00f3tun HS\u00cd og Bl\u00e1a l\u00f3nsins"},"content":{"rendered":"<div class=\"wp-block-image\"><figure class=\"alignright is-resized\"><img fetchpriority=\"high\" decoding=\"async\" src=\"http:\/\/fram.is\/wp-content\/uploads\/2019\/10\/5.-fl.kvenna-yngri-reykjav\u00edkurmeistari-2018-1024x768.jpg\" alt=\"\" class=\"wp-image-21430\" width=\"390\" height=\"293\"\/><\/figure><\/div><p>H\u00e6fileikam\u00f3tun HS\u00cd og Bl\u00e1a l\u00f3nsins fer fram um n\u00e6stu helgi \u00ed\nTM-h\u00f6llinni \u00ed Gar\u00f0ab\u00e6. \u00dear \u00e6fa str\u00e1kar og stelpur f\u00e6dd 2006 undir stj\u00f3rn\nn\u00fdr\u00e1\u00f0inna \u00fej\u00e1lfara, en \u00fea\u00f0 eru \u00feau Halld\u00f3r J\u00f3hann Sigf\u00fasson og Rakel D\u00f6gg\nBragad\u00f3ttir. <br>\n<br>\nH\u00e6fileikam\u00f3tunu er mikilv\u00e6g b\u00e6\u00f0i HS\u00cd og kr\u00f6kkunum sem \u00fear \u00e6fa en \u00fearna f\u00e1 \u00feau\na\u00f0 kynnast umhverfi yngri landsli\u00f0anna. \u00de\u00e1 mun Bjarni Fritzson vera me\u00f0\nfyrirlestur fyrir b\u00e1\u00f0a h\u00f3pana og eru leikmenn be\u00f0nir um a\u00f0 hafa me\u00f0 s\u00e9r nesti \u00e1\nfyrirlesturinn. <\/p><p>Vi\u00f0 FRAMarar erum stoltir af \u00fev\u00ed a\u00f0 eiga \u00e1tta fulltr\u00faa \u00ed\n\u00feessu \u00e6fingah\u00f3pi HS\u00cd en \u00feau sem voru valinn fr\u00e1 FRAM a\u00f0 \u00feessu sinni eru: <\/p><p>Stelpur:<br>\nBergd\u00eds Sveinsd\u00f3ttir&nbsp;&nbsp;&nbsp;&nbsp;&nbsp;&nbsp;&nbsp;&nbsp;&nbsp;&nbsp;&nbsp;&nbsp;&nbsp;&nbsp;&nbsp;&nbsp;&nbsp;&nbsp;&nbsp;&nbsp;&nbsp;&nbsp;&nbsp; FRAM<br>\nDagmar Gu\u00f0r\u00fan P\u00e1lsd\u00f3ttir&nbsp;&nbsp;&nbsp;&nbsp;&nbsp;&nbsp;&nbsp;&nbsp;&nbsp;&nbsp;&nbsp; FRAM<br>\nEmbla Gu\u00f0n\u00fd J\u00f3nsd\u00f3ttir&nbsp;&nbsp;&nbsp;&nbsp;&nbsp;&nbsp;&nbsp;&nbsp;&nbsp;&nbsp;&nbsp;&nbsp;&nbsp;&nbsp;&nbsp; FRAM<br>\nIngibj\u00f6rg Eva Baldvinsd\u00f3ttir&nbsp;&nbsp;&nbsp;&nbsp;&nbsp;&nbsp;&nbsp;&nbsp; FRAM<br>\nIngunn Mar\u00eda Brynjarsd\u00f3ttir&nbsp;&nbsp;&nbsp;&nbsp;&nbsp;&nbsp;&nbsp; FRAM<br>\nJana Krist\u00edn Leifsd\u00f3ttir&nbsp;&nbsp;&nbsp;&nbsp;&nbsp;&nbsp;&nbsp;&nbsp;&nbsp;&nbsp;&nbsp;&nbsp;&nbsp;&nbsp;&nbsp;&nbsp;&nbsp;&nbsp;&nbsp; FRAM<br>\nSara R\u00fan G\u00edslad\u00f3ttir&nbsp;&nbsp;&nbsp;&nbsp;&nbsp;&nbsp;&nbsp;&nbsp;&nbsp;&nbsp;&nbsp;&nbsp;&nbsp;&nbsp;&nbsp;&nbsp;&nbsp;&nbsp;&nbsp;&nbsp;&nbsp;&nbsp;&nbsp; FRAM\n<\/p><p>Str\u00e1kar:<br>Marel Baldvinsson\u00a0\u00a0\u00a0\u00a0\u00a0\u00a0\u00a0\u00a0\u00a0\u00a0\u00a0\u00a0\u00a0\u00a0\u00a0\u00a0\u00a0\u00a0\u00a0\u00a0\u00a0\u00a0\u00a0\u00a0\u00a0\u00a0 FRAM<br>\u00deorsteinn \u00d6rn Kjartansson            FRAM<\/p><p>Gangi ykkur vel. <\/p><p>\u00c1FRAM FRAM <\/p>","protected":false},"excerpt":{"rendered":"<p>H\u00e6fileikam\u00f3tun HS\u00cd og Bl\u00e1a l\u00f3nsins fer fram um n\u00e6stu helgi \u00ed TM-h\u00f6llinni \u00ed Gar\u00f0ab\u00e6. \u00dear \u00e6fa str\u00e1kar og stelpur f\u00e6dd 2006 undir stj\u00f3rn n\u00fdr\u00e1\u00f0inna \u00fej\u00e1lfara, en \u00fea\u00f0 eru \u00feau Halld\u00f3r [&hellip;]<\/p>","protected":false},"author":4,"featured_media":21431,"comment_status":"open","ping_status":"open","sticky":false,"template":"","format":"standard","meta":{"_monsterinsights_skip_tracking":false,"_monsterinsights_sitenote_active":false,"_monsterinsights_sitenote_note":"","_monsterinsights_sitenote_category":0,"_jetpack_memberships_contains_paid_content":false,"footnotes":""},"categories":[7,6],"tags":[],"class_list":["post-21428","post","type-post","status-publish","format-standard","has-post-thumbnail","hentry","category-yngri-flokkar","category-handbolti"],"jetpack_sharing_enabled":true,"jetpack_featured_media_url":"https:\/\/fram.is\/wp-content\/uploads\/2019\/10\/5.-fl-scaled.jpg","_links":{"self":[{"href":"https:\/\/fram.is\/is\/wp-json\/wp\/v2\/posts\/21428","targetHints":{"allow":["GET"]}}],"collection":[{"href":"https:\/\/fram.is\/is\/wp-json\/wp\/v2\/posts"}],"about":[{"href":"https:\/\/fram.is\/is\/wp-json\/wp\/v2\/types\/post"}],"author":[{"embeddable":true,"href":"https:\/\/fram.is\/is\/wp-json\/wp\/v2\/users\/4"}],"replies":[{"embeddable":true,"href":"https:\/\/fram.is\/is\/wp-json\/wp\/v2\/comments?post=21428"}],"version-history":[{"count":0,"href":"https:\/\/fram.is\/is\/wp-json\/wp\/v2\/posts\/21428\/revisions"}],"wp:featuredmedia":[{"embeddable":true,"href":"https:\/\/fram.is\/is\/wp-json\/wp\/v2\/media\/21431"}],"wp:attachment":[{"href":"https:\/\/fram.is\/is\/wp-json\/wp\/v2\/media?parent=21428"}],"wp:term":[{"taxonomy":"category","embeddable":true,"href":"https:\/\/fram.is\/is\/wp-json\/wp\/v2\/categories?post=21428"},{"taxonomy":"post_tag","embeddable":true,"href":"https:\/\/fram.is\/is\/wp-json\/wp\/v2\/tags?post=21428"}],"curies":[{"name":"wp","href":"https:\/\/api.w.org\/{rel}","templated":true}]}}