{"id":21442,"date":"2019-10-17T14:34:51","date_gmt":"2019-10-17T14:34:51","guid":{"rendered":"http:\/\/fram.is\/?p=21442"},"modified":"2019-10-17T14:34:51","modified_gmt":"2019-10-17T14:34:51","slug":"sex-fra-fram-i-aefingahopi-islands-u16-karla-i-handbolta","status":"publish","type":"post","link":"https:\/\/fram.is\/is\/2019\/10\/17\/sex-fra-fram-i-aefingahopi-islands-u16-karla-i-handbolta\/","title":{"rendered":"Sex fr\u00e1 FRAM \u00ed \u00e6fingah\u00f3pi \u00cdslands U16 karla \u00ed handbolta"},"content":{"rendered":"<div class=\"wp-block-image\"><figure class=\"alignright is-resized\"><img fetchpriority=\"high\" decoding=\"async\" src=\"http:\/\/fram.is\/wp-content\/uploads\/2019\/10\/4.-fl.-ka-\u00cdslandsmeistari-2019-I.jpg\" alt=\"\" class=\"wp-image-21443\" width=\"235\" height=\"313\"\/><\/figure><\/div><p>Halld\u00f3r J\u00f3hann Sigf\u00fasson og K\u00e1ri Gar\u00f0arsson landsli\u00f0s\u00fej\u00e1lfarar\n\u00cdslands U16 karla hafa vali\u00f0 h\u00f3p til \u00e6finga helgina 25. \u2013 27. okt\u00f3ber nk.<\/p><p>Vi\u00f0 FRAMarar eru mj\u00f6g stoltir af \u00fev\u00ed a\u00f0 eiga sex leikmenn \u00ed\n\u00feessum \u00e6fingah\u00f3pi \u00cdslands en \u00feeir sem voru valdir fr\u00e1 FRAM a\u00f0 \u00feessu sinni eru: <\/p><p>Breki Hrafn \u00c1rnason&nbsp;&nbsp;&nbsp;&nbsp;&nbsp;&nbsp; &nbsp;&nbsp;&nbsp;&nbsp;&nbsp;&nbsp;&nbsp;&nbsp;&nbsp;&nbsp;&nbsp;&nbsp;&nbsp;&nbsp;&nbsp; FRAM<br>\nEi\u00f0ur Rafn Valsson&nbsp;&nbsp;&nbsp;&nbsp;&nbsp;&nbsp;&nbsp;&nbsp;&nbsp;&nbsp; &nbsp;&nbsp;&nbsp;&nbsp;&nbsp;&nbsp;&nbsp;&nbsp;&nbsp;&nbsp;&nbsp;&nbsp;&nbsp;&nbsp;&nbsp; FRAM<br>\nKjartan J\u00fal\u00edusson&nbsp;&nbsp;&nbsp;&nbsp;&nbsp;&nbsp;&nbsp;&nbsp;&nbsp;&nbsp;&nbsp;&nbsp;&nbsp; &nbsp;&nbsp;&nbsp;&nbsp;&nbsp;&nbsp;&nbsp;&nbsp;&nbsp;&nbsp;&nbsp;&nbsp;&nbsp;&nbsp;&nbsp; FRAM<br>\nSigf\u00fas \u00c1rni Gu\u00f0mundsson&nbsp;&nbsp;&nbsp;&nbsp;&nbsp;&nbsp;&nbsp;&nbsp;&nbsp;&nbsp;&nbsp; FRAM&nbsp; <br>\nTindur Ing\u00f3lfsson&nbsp;&nbsp;&nbsp;&nbsp;&nbsp;&nbsp;&nbsp;&nbsp;&nbsp;&nbsp;&nbsp;&nbsp;&nbsp;&nbsp;&nbsp;&nbsp;&nbsp;&nbsp;&nbsp;&nbsp;&nbsp;&nbsp;&nbsp;&nbsp;&nbsp;&nbsp;&nbsp;&nbsp; FRAM<br>\nTorfi Geir Halld\u00f3rsson&nbsp;&nbsp;&nbsp;&nbsp;&nbsp;&nbsp;&nbsp;&nbsp;&nbsp;&nbsp;&nbsp;&nbsp;&nbsp;&nbsp;&nbsp;&nbsp;&nbsp;&nbsp;&nbsp; FRAM<\/p><p>Gangi ykkur vel. <\/p><p>\u00c1FRAM FRAM<\/p>","protected":false},"excerpt":{"rendered":"<p>Halld\u00f3r J\u00f3hann Sigf\u00fasson og K\u00e1ri Gar\u00f0arsson landsli\u00f0s\u00fej\u00e1lfarar \u00cdslands U16 karla hafa vali\u00f0 h\u00f3p til \u00e6finga helgina 25. \u2013 27. okt\u00f3ber nk. Vi\u00f0 FRAMarar eru mj\u00f6g stoltir af \u00fev\u00ed a\u00f0 eiga [&hellip;]<\/p>","protected":false},"author":4,"featured_media":20122,"comment_status":"open","ping_status":"open","sticky":false,"template":"","format":"standard","meta":{"_monsterinsights_skip_tracking":false,"_monsterinsights_sitenote_active":false,"_monsterinsights_sitenote_note":"","_monsterinsights_sitenote_category":0,"_jetpack_memberships_contains_paid_content":false,"footnotes":""},"categories":[7,6],"tags":[],"class_list":["post-21442","post","type-post","status-publish","format-standard","has-post-thumbnail","hentry","category-yngri-flokkar","category-handbolti"],"jetpack_sharing_enabled":true,"jetpack_featured_media_url":"https:\/\/fram.is\/wp-content\/uploads\/2019\/03\/Bikarmeistarar-2019-4-scaled.jpg","_links":{"self":[{"href":"https:\/\/fram.is\/is\/wp-json\/wp\/v2\/posts\/21442","targetHints":{"allow":["GET"]}}],"collection":[{"href":"https:\/\/fram.is\/is\/wp-json\/wp\/v2\/posts"}],"about":[{"href":"https:\/\/fram.is\/is\/wp-json\/wp\/v2\/types\/post"}],"author":[{"embeddable":true,"href":"https:\/\/fram.is\/is\/wp-json\/wp\/v2\/users\/4"}],"replies":[{"embeddable":true,"href":"https:\/\/fram.is\/is\/wp-json\/wp\/v2\/comments?post=21442"}],"version-history":[{"count":0,"href":"https:\/\/fram.is\/is\/wp-json\/wp\/v2\/posts\/21442\/revisions"}],"wp:featuredmedia":[{"embeddable":true,"href":"https:\/\/fram.is\/is\/wp-json\/wp\/v2\/media\/20122"}],"wp:attachment":[{"href":"https:\/\/fram.is\/is\/wp-json\/wp\/v2\/media?parent=21442"}],"wp:term":[{"taxonomy":"category","embeddable":true,"href":"https:\/\/fram.is\/is\/wp-json\/wp\/v2\/categories?post=21442"},{"taxonomy":"post_tag","embeddable":true,"href":"https:\/\/fram.is\/is\/wp-json\/wp\/v2\/tags?post=21442"}],"curies":[{"name":"wp","href":"https:\/\/api.w.org\/{rel}","templated":true}]}}