{"id":21532,"date":"2019-10-29T11:54:55","date_gmt":"2019-10-29T11:54:55","guid":{"rendered":"http:\/\/fram.is\/?p=21532"},"modified":"2019-10-29T11:54:55","modified_gmt":"2019-10-29T11:54:55","slug":"tveir-fra-fram-a-afreksaefingar-ksi","status":"publish","type":"post","link":"https:\/\/fram.is\/is\/2019\/10\/29\/tveir-fra-fram-a-afreksaefingar-ksi\/","title":{"rendered":"Tveir fr\u00e1 FRAM \u00e1 Afreks\u00e6fingar KS\u00cd"},"content":{"rendered":"<div class=\"wp-block-image\"><figure class=\"alignright is-resized\"><img fetchpriority=\"high\" decoding=\"async\" src=\"http:\/\/fram.is\/wp-content\/uploads\/2019\/10\/Mikael-og-Stef\u00e1n-Orri-god-1024x890.jpg\" alt=\"\" class=\"wp-image-21562\" width=\"374\" height=\"324\"\/><\/figure><\/div><p>Afreks\u00e6fingar KS\u00cd ver\u00f0a \u00e1\nSu\u00f0vesturlandi fimmtudaginn 31. okt\u00f3ber, en \u00e6fingarnar fara fram \u00e1\nSamsungvellinum \u00ed Gar\u00f0ab\u00e6.<br>\n<br>\nUm er a\u00f0 r\u00e6\u00f0a \u00e6fingu fyrir drengi og sj\u00e1 \u00fej\u00e1lfarar fr\u00e1 KS\u00cd, \u00e1samt \u00fej\u00e1lfurum fr\u00e1\nStj\u00f6rnunni, um \u00e6finguna.<\/p><p>Vi\u00f0 FRAMarar erum stoltir af\n\u00fev\u00ed a\u00f0 eiga tvo fulltr\u00faa fr\u00e1 FRAM \u00e1 \u00feessari \u00e6fingu en \u00feeir sem voru valdir fr\u00e1\nFRAM a\u00f0 \u00feessu sinni eru: <\/p><p>Mikael Trausti Vi\u00f0arsson&nbsp;&nbsp;&nbsp;&nbsp;&nbsp;&nbsp; Fram &nbsp;&nbsp; <\/p><p>Stef\u00e1n Orri H\u00e1konarson &nbsp;&nbsp;&nbsp;&nbsp;&nbsp;&nbsp;&nbsp;&nbsp; Fram<\/p><p>Gangi ykkur vel.<\/p><p>\u00c1FRAM FRAM <\/p>","protected":false},"excerpt":{"rendered":"<p>Afreks\u00e6fingar KS\u00cd ver\u00f0a \u00e1 Su\u00f0vesturlandi fimmtudaginn 31. okt\u00f3ber, en \u00e6fingarnar fara fram \u00e1 Samsungvellinum \u00ed Gar\u00f0ab\u00e6. Um er a\u00f0 r\u00e6\u00f0a \u00e6fingu fyrir drengi og sj\u00e1 \u00fej\u00e1lfarar fr\u00e1 KS\u00cd, \u00e1samt \u00fej\u00e1lfurum [&hellip;]<\/p>","protected":false},"author":4,"featured_media":21563,"comment_status":"open","ping_status":"open","sticky":false,"template":"","format":"standard","meta":{"_monsterinsights_skip_tracking":false,"_monsterinsights_sitenote_active":false,"_monsterinsights_sitenote_note":"","_monsterinsights_sitenote_category":0,"_jetpack_memberships_contains_paid_content":false,"footnotes":""},"categories":[9,13],"tags":[],"class_list":["post-21532","post","type-post","status-publish","format-standard","has-post-thumbnail","hentry","category-fotbolti","category-yngriflokkar"],"jetpack_sharing_enabled":true,"jetpack_featured_media_url":"https:\/\/fram.is\/wp-content\/uploads\/2019\/10\/Mikael-og-Stef\u00e1n-Orri-vefur-scaled.jpg","_links":{"self":[{"href":"https:\/\/fram.is\/is\/wp-json\/wp\/v2\/posts\/21532","targetHints":{"allow":["GET"]}}],"collection":[{"href":"https:\/\/fram.is\/is\/wp-json\/wp\/v2\/posts"}],"about":[{"href":"https:\/\/fram.is\/is\/wp-json\/wp\/v2\/types\/post"}],"author":[{"embeddable":true,"href":"https:\/\/fram.is\/is\/wp-json\/wp\/v2\/users\/4"}],"replies":[{"embeddable":true,"href":"https:\/\/fram.is\/is\/wp-json\/wp\/v2\/comments?post=21532"}],"version-history":[{"count":0,"href":"https:\/\/fram.is\/is\/wp-json\/wp\/v2\/posts\/21532\/revisions"}],"wp:featuredmedia":[{"embeddable":true,"href":"https:\/\/fram.is\/is\/wp-json\/wp\/v2\/media\/21563"}],"wp:attachment":[{"href":"https:\/\/fram.is\/is\/wp-json\/wp\/v2\/media?parent=21532"}],"wp:term":[{"taxonomy":"category","embeddable":true,"href":"https:\/\/fram.is\/is\/wp-json\/wp\/v2\/categories?post=21532"},{"taxonomy":"post_tag","embeddable":true,"href":"https:\/\/fram.is\/is\/wp-json\/wp\/v2\/tags?post=21532"}],"curies":[{"name":"wp","href":"https:\/\/api.w.org\/{rel}","templated":true}]}}