{"id":21539,"date":"2019-10-25T12:29:28","date_gmt":"2019-10-25T12:29:28","guid":{"rendered":"http:\/\/fram.is\/?p=21539"},"modified":"2019-10-25T12:29:28","modified_gmt":"2019-10-25T12:29:28","slug":"alexander-mar-thorlaksson-til-fram","status":"publish","type":"post","link":"https:\/\/fram.is\/is\/2019\/10\/25\/alexander-mar-thorlaksson-til-fram\/","title":{"rendered":"Alexander M\u00e1r \u00deorl\u00e1ksson til Fram"},"content":{"rendered":"<div class=\"wp-block-image\"><figure class=\"alignright is-resized\"><img fetchpriority=\"high\" decoding=\"async\" src=\"http:\/\/fram.is\/wp-content\/uploads\/2019\/10\/alexander-og-j\u00f3n-1024x890.jpg\" alt=\"\" class=\"wp-image-21545\" width=\"303\" height=\"262\"\/><\/figure><\/div><p><a href=\"http:\/\/fram.is\/wp-content\/uploads\/2014\/05\/Alexander.jpg\"><img decoding=\"async\" class=\"alignright size-medium wp-image-7461\" src=\"http:\/\/fram.is\/wp-content\/uploads\/2014\/05\/Alexander-300x260.jpg\" alt=\"\" width=\"300\" height=\"260\" \/><\/a>Knattspyrnudeild Fram hefur sami\u00f0 vi\u00f0 framherjann Alexander M\u00e1 \u00deorl\u00e1ksson til n\u00e6stu tveggja \u00e1ra.\u00a0 Samningurinn gildir \u00fat keppnist\u00edmabili\u00f0 2021.<\/p>\n<p>Alexander sem er 24 \u00e1ra gamall gengur til li\u00f0s vi\u00f0 Fram fr\u00e1 KF \u00fear sem hann l\u00e9k \u00e1 s\u00ed\u00f0ustu leikt\u00ed\u00f0 og var\u00f0 markah\u00e6sti leikma\u00f0ur 3. deildar me\u00f0 28 m\u00f6rk \u00ed 21 leik.<\/p>\n<p>Alexander er Fr\u00f6murum a\u00f0 g\u00f3\u00f0u kunnur en hann l\u00e9k me\u00f0 li\u00f0inu \u00e1ri\u00f0 2014 og skora\u00f0i \u00fe\u00e1 5 m\u00f6rk \u00ed 16 deildar- og bikarleikjum.\u00a0 Hann hefur s\u00ed\u00f0an leiki\u00f0 me\u00f0 Hetti, K\u00e1ra og KF og ra\u00f0a\u00f0 inn m\u00f6rkum me\u00f0 \u00f6llum \u00feessum f\u00e9l\u00f6gum.\u00a0 Hann sneri \u00e1 heimasl\u00f3\u00f0ir sumari\u00f0 2018 og l\u00e9k nokkra leiki me\u00f0 uppeldisf\u00e9lagi s\u00ednu \u00cdA \u00ed Inkasso-deildinni sumari\u00f0 2018 en lauk t\u00edmabilinu me\u00f0 K\u00e1ra.\u00a0 Eins og \u00e1\u00f0ur segir l\u00e9k hann me\u00f0 KF \u00e1 s\u00ed\u00f0asta t\u00edmbili og f\u00f3r hamf\u00f6rum \u00ed markaskorun.<\/p>\n<p>Alls hefur Alexander leiki\u00f0 121 deildar- og bikarleik og skora\u00f0 90 m\u00f6rk.<\/p>\n<p>Knattspyrnudeild Fram er mj\u00f6g \u00e1n\u00e6g\u00f0 me\u00f0 a\u00f0 hafa tryggt s\u00e9r starfskrafta Alexanders M\u00e1s n\u00e6stu tv\u00f6 \u00e1rin hi\u00f0 minnsta og \u00fea\u00f0 ver\u00f0ur gaman a\u00f0 fylgjast me\u00f0 honum hrella varnarmenn og markver\u00f0i andst\u00e6\u00f0inganna.<\/p>\n<p>Velkominn Alexander!<\/p>","protected":false},"excerpt":{"rendered":"<p>Knattspyrnudeild Fram hefur sami\u00f0 vi\u00f0 framherjann Alexander M\u00e1 \u00deorl\u00e1ksson til n\u00e6stu tveggja \u00e1ra.\u00a0 Samningurinn gildir \u00fat keppnist\u00edmabili\u00f0 2021. Alexander sem er 24 \u00e1ra gamall gengur til li\u00f0s vi\u00f0 Fram fr\u00e1 [&hellip;]<\/p>","protected":false},"author":6,"featured_media":21544,"comment_status":"open","ping_status":"open","sticky":false,"template":"","format":"standard","meta":{"_monsterinsights_skip_tracking":false,"_monsterinsights_sitenote_active":false,"_monsterinsights_sitenote_note":"","_monsterinsights_sitenote_category":0,"_jetpack_memberships_contains_paid_content":false,"footnotes":""},"categories":[11,9],"tags":[],"class_list":["post-21539","post","type-post","status-publish","format-standard","has-post-thumbnail","hentry","category-mflkarla","category-fotbolti"],"jetpack_sharing_enabled":true,"jetpack_featured_media_url":"https:\/\/fram.is\/wp-content\/uploads\/2019\/10\/Alexander-og-j\u00f3n-vefur-scaled.jpg","_links":{"self":[{"href":"https:\/\/fram.is\/is\/wp-json\/wp\/v2\/posts\/21539","targetHints":{"allow":["GET"]}}],"collection":[{"href":"https:\/\/fram.is\/is\/wp-json\/wp\/v2\/posts"}],"about":[{"href":"https:\/\/fram.is\/is\/wp-json\/wp\/v2\/types\/post"}],"author":[{"embeddable":true,"href":"https:\/\/fram.is\/is\/wp-json\/wp\/v2\/users\/6"}],"replies":[{"embeddable":true,"href":"https:\/\/fram.is\/is\/wp-json\/wp\/v2\/comments?post=21539"}],"version-history":[{"count":0,"href":"https:\/\/fram.is\/is\/wp-json\/wp\/v2\/posts\/21539\/revisions"}],"wp:featuredmedia":[{"embeddable":true,"href":"https:\/\/fram.is\/is\/wp-json\/wp\/v2\/media\/21544"}],"wp:attachment":[{"href":"https:\/\/fram.is\/is\/wp-json\/wp\/v2\/media?parent=21539"}],"wp:term":[{"taxonomy":"category","embeddable":true,"href":"https:\/\/fram.is\/is\/wp-json\/wp\/v2\/categories?post=21539"},{"taxonomy":"post_tag","embeddable":true,"href":"https:\/\/fram.is\/is\/wp-json\/wp\/v2\/tags?post=21539"}],"curies":[{"name":"wp","href":"https:\/\/api.w.org\/{rel}","templated":true}]}}