{"id":21542,"date":"2019-10-25T13:06:47","date_gmt":"2019-10-25T13:06:47","guid":{"rendered":"http:\/\/fram.is\/?p=21542"},"modified":"2019-10-25T13:06:47","modified_gmt":"2019-10-25T13:06:47","slug":"gunnar-gunnarsson-endurnyjar-samning-sinn","status":"publish","type":"post","link":"https:\/\/fram.is\/is\/2019\/10\/25\/gunnar-gunnarsson-endurnyjar-samning-sinn\/","title":{"rendered":"Gunnar Gunnarsson endurn\u00fdjar samning sinn"},"content":{"rendered":"<div class=\"wp-block-image\"><figure class=\"alignright is-resized\"><img fetchpriority=\"high\" decoding=\"async\" src=\"http:\/\/fram.is\/wp-content\/uploads\/2019\/10\/Gunnar-gegn-Leikni-1024x890.jpg\" alt=\"\" class=\"wp-image-21550\" width=\"347\" height=\"301\"\/><\/figure><\/div><div class=\"wp-block-image\"><figure class=\"alignright is-resized\"><img decoding=\"async\" src=\"http:\/\/fram.is\/wp-content\/uploads\/2019\/10\/Gunnar-og-J\u00f3n-1024x890.jpg\" alt=\"\" class=\"wp-image-21547\" width=\"345\" height=\"299\"\/><\/figure><\/div><p>Mi\u00f0v\u00f6r\u00f0urinn \u00f6flugi Gunnar Gunnarsson hefur endurn\u00fdja\u00f0 samning sinn vi\u00f0 knattspyrnudeild Fram.\u00a0 Samningurinn gildir til tveggja \u00e1ra e\u00f0a \u00fat keppnist\u00edmabili\u00f0 2022.<\/p>\n<p>Gunnar gekk til li\u00f0s vi\u00f0 Fram fr\u00e1 \u00der\u00f3tti \u00ed j\u00fal\u00ed og l\u00e9k 12 leiki me\u00f0 li\u00f0inu \u00ed Inkasso-deildinni.\u00a0 Mikil \u00e1n\u00e6gja var me\u00f0 frammist\u00f6\u00f0u Gunnars \u00ed Framb\u00faningnum og \u00fev\u00ed miki\u00f0 gle\u00f0iefni a\u00f0 hann hafi \u00e1kve\u00f0i\u00f0 a\u00f0 taka slaginn me\u00f0 li\u00f0inu n\u00e6stu tv\u00f6 \u00e1rin.<\/p>\n<p>Gunnar sem er 26 \u00e1ra gamall er uppalinn Stj\u00f6rnuma\u00f0ur en hefur \u00e1 ferli s\u00ednum einnig leiki\u00f0 me\u00f0 V\u00edkingi, Hamri, Gr\u00f3ttu, Val, Haukum og \u00der\u00f3tti.\u00a0 Alls \u00e1 hann a\u00f0 baki 96 deildar- og bikarleiki \u00e1 s\u00ednum ferli og hefur skora\u00f0 \u00ed \u00feeim 7 m\u00f6rk.<\/p>\n<p>Knattspyrnudeild Fram er \u00e1n\u00e6g\u00f0 me\u00f0 a\u00f0 hafa tryggt s\u00e9r \u00e1framhaldandi \u00fej\u00f3nustu Gunnars og v\u00e6ntir mikils af honum \u00e1 komandi \u00e1rum.<\/p>","protected":false},"excerpt":{"rendered":"<p>Mi\u00f0v\u00f6r\u00f0urinn \u00f6flugi Gunnar Gunnarsson hefur endurn\u00fdja\u00f0 samning sinn vi\u00f0 knattspyrnudeild Fram.\u00a0 Samningurinn gildir til tveggja \u00e1ra e\u00f0a \u00fat keppnist\u00edmabili\u00f0 2022. Gunnar gekk til li\u00f0s vi\u00f0 Fram fr\u00e1 \u00der\u00f3tti \u00ed j\u00fal\u00ed [&hellip;]<\/p>","protected":false},"author":6,"featured_media":21549,"comment_status":"open","ping_status":"open","sticky":false,"template":"","format":"standard","meta":{"_monsterinsights_skip_tracking":false,"_monsterinsights_sitenote_active":false,"_monsterinsights_sitenote_note":"","_monsterinsights_sitenote_category":0,"_jetpack_memberships_contains_paid_content":false,"footnotes":""},"categories":[11,9],"tags":[],"class_list":["post-21542","post","type-post","status-publish","format-standard","has-post-thumbnail","hentry","category-mflkarla","category-fotbolti"],"jetpack_sharing_enabled":true,"jetpack_featured_media_url":"https:\/\/fram.is\/wp-content\/uploads\/2019\/10\/Gunnar-og-j\u00f3n-vefur-scaled.jpg","_links":{"self":[{"href":"https:\/\/fram.is\/is\/wp-json\/wp\/v2\/posts\/21542","targetHints":{"allow":["GET"]}}],"collection":[{"href":"https:\/\/fram.is\/is\/wp-json\/wp\/v2\/posts"}],"about":[{"href":"https:\/\/fram.is\/is\/wp-json\/wp\/v2\/types\/post"}],"author":[{"embeddable":true,"href":"https:\/\/fram.is\/is\/wp-json\/wp\/v2\/users\/6"}],"replies":[{"embeddable":true,"href":"https:\/\/fram.is\/is\/wp-json\/wp\/v2\/comments?post=21542"}],"version-history":[{"count":0,"href":"https:\/\/fram.is\/is\/wp-json\/wp\/v2\/posts\/21542\/revisions"}],"wp:featuredmedia":[{"embeddable":true,"href":"https:\/\/fram.is\/is\/wp-json\/wp\/v2\/media\/21549"}],"wp:attachment":[{"href":"https:\/\/fram.is\/is\/wp-json\/wp\/v2\/media?parent=21542"}],"wp:term":[{"taxonomy":"category","embeddable":true,"href":"https:\/\/fram.is\/is\/wp-json\/wp\/v2\/categories?post=21542"},{"taxonomy":"post_tag","embeddable":true,"href":"https:\/\/fram.is\/is\/wp-json\/wp\/v2\/tags?post=21542"}],"curies":[{"name":"wp","href":"https:\/\/api.w.org\/{rel}","templated":true}]}}