{"id":21789,"date":"2019-12-11T09:04:02","date_gmt":"2019-12-11T09:04:02","guid":{"rendered":"http:\/\/fram.is\/?p=21789"},"modified":"2019-12-11T09:04:02","modified_gmt":"2019-12-11T09:04:02","slug":"knattspyrnufelagid-fram-auglysir-eftir-umsjonarmonnum-ithrottaskola-fram-2","status":"publish","type":"post","link":"https:\/\/fram.is\/is\/2019\/12\/11\/knattspyrnufelagid-fram-auglysir-eftir-umsjonarmonnum-ithrottaskola-fram-2\/","title":{"rendered":"Knattspyrnuf\u00e9lagi\u00f0 FRAM augl\u00fdsir eftir umsj\u00f3narm\u00f6nnum \u00ed\u00fer\u00f3ttask\u00f3la FRAM"},"content":{"rendered":"<div class=\"wp-block-image\"><figure class=\"alignright is-resized\"><img fetchpriority=\"high\" decoding=\"async\" src=\"http:\/\/fram.is\/wp-content\/uploads\/2019\/03\/\u00cd\u00fer\u00f3ttask\u00f3li3-2-1024x768.jpg\" alt=\"\" class=\"wp-image-20267\" width=\"313\" height=\"235\"\/><\/figure><\/div><p>Knattspyrnuf\u00e9lagi\u00f0\nFRAM leitar n\u00fa a\u00f0 \u00f6flugu f\u00f3lki til a\u00f0 taka a\u00f0 s\u00e9r umsj\u00f3n \u00ed\u00fer\u00f3ttask\u00f3la FRAM fr\u00e1\nog me\u00f0 jan\u00faar 2020.<\/p><p>\u00dea\u00f0 er mikill kostur a\u00f0 vi\u00f0komandi hafi reynslu af \u00ed\u00fer\u00f3ttastarfi og starfi me\u00f0 b\u00f6rnum. Einnig a\u00f0 vi\u00f0komandi hafi loki\u00f0 n\u00e1mi \u00ed \u00ed\u00fer\u00f3ttafr\u00e6\u00f0um e\u00f0a leggi stund \u00e1 sl\u00edkt n\u00e1m.<\/p><p>\u00c1hugasamir eru hvattir til a\u00f0 hafa samband vi\u00f0 \u00de\u00f3r \u00ed\u00fer\u00f3ttastj\u00f3ra (<a href=\"mailto:toti@fram.is\">toti@fram.is<\/a>) e\u00f0a Da\u00f0a \u00ed\u00fer\u00f3ttafulltr\u00faa (<a href=\"mailto:dadi@fram.is\">dadi@fram.is<\/a>). <\/p><p>N\u00e1nar um \u00ed\u00fer\u00f3ttask\u00f3la FRAM.<br> \u00cd\u00fer\u00f3ttask\u00f3li FRAM fyrir b\u00f6rn \u00e1 aldrinum 18 m\u00e1na\u00f0a \u2013 5 \u00e1ra hefur veri\u00f0 starfr\u00e6ktur \u00ed Grafarholti um langt \u00e1rabil.<\/p><div class=\"wp-block-image\"><figure class=\"alignright is-resized\"><img decoding=\"async\" src=\"http:\/\/fram.is\/wp-content\/uploads\/2014\/01\/\u00cd\u00fer\u00f3ttask\u00f3li-3-6-\u00e1ra-jan-2013..jpg\" alt=\"\" class=\"wp-image-5381\" width=\"289\" height=\"192\"\/><\/figure><\/div><p>\u00cd \u00ed\u00fer\u00f3ttask\u00f3lanum kynnast b\u00f6rnin \u00ed\u00fer\u00f3ttum \u00e1 skemmtilegan\nog fj\u00f6lbreyttan h\u00e1tt. B\u00f6rnin \u00e6fa gr\u00f3fhreyfingar, jafnv\u00e6gi, styrk, \u00fathald og\nl\u00edkamsvitund. \u00deau l\u00e6ra h\u00f3pleiki og reglur \u00ed \u00feeim og styrkja me\u00f0 \u00fev\u00ed f\u00e9lagsf\u00e6rni\ns\u00edna. Auk alls \u00feessa er \u00ed\u00fer\u00f3ttask\u00f3linn skemmtileg samverustund foreldra og\nbarns.<\/p><p>Haldin eru tv\u00f6 12 vikna n\u00e1mskei\u00f0 \u00e1 \u00e1ri hverju. Anna\u00f0 a\u00f0\nhausti (september-n\u00f3vember) og hitt a\u00f0 vori (jan\u00faar-apr\u00edl). N\u00e1mskei\u00f0i\u00f0 fer fram\n\u00e1 laugardagsmorgnum \u00ed \u00ed\u00fer\u00f3ttah\u00fasi Ingunnarsk\u00f3la.<\/p><p>Knattspyrnuf\u00e9lagi\u00f0 &nbsp;FRAM <\/p>","protected":false},"excerpt":{"rendered":"<p>Knattspyrnuf\u00e9lagi\u00f0 FRAM leitar n\u00fa a\u00f0 \u00f6flugu f\u00f3lki til a\u00f0 taka a\u00f0 s\u00e9r umsj\u00f3n \u00ed\u00fer\u00f3ttask\u00f3la FRAM fr\u00e1 og me\u00f0 jan\u00faar 2020. \u00dea\u00f0 er mikill kostur a\u00f0 vi\u00f0komandi hafi reynslu af \u00ed\u00fer\u00f3ttastarfi [&hellip;]<\/p>","protected":false},"author":4,"featured_media":11115,"comment_status":"open","ping_status":"open","sticky":false,"template":"","format":"standard","meta":{"_monsterinsights_skip_tracking":false,"_monsterinsights_sitenote_active":false,"_monsterinsights_sitenote_note":"","_monsterinsights_sitenote_category":0,"_jetpack_memberships_contains_paid_content":false,"footnotes":""},"categories":[8,10],"tags":[],"class_list":["post-21789","post","type-post","status-publish","format-standard","has-post-thumbnail","hentry","category-adalstjorn","category-frettir"],"jetpack_sharing_enabled":true,"jetpack_featured_media_url":"https:\/\/fram.is\/wp-content\/uploads\/2015\/09\/r\u00f3ttask\u00f3li.jpg","_links":{"self":[{"href":"https:\/\/fram.is\/is\/wp-json\/wp\/v2\/posts\/21789","targetHints":{"allow":["GET"]}}],"collection":[{"href":"https:\/\/fram.is\/is\/wp-json\/wp\/v2\/posts"}],"about":[{"href":"https:\/\/fram.is\/is\/wp-json\/wp\/v2\/types\/post"}],"author":[{"embeddable":true,"href":"https:\/\/fram.is\/is\/wp-json\/wp\/v2\/users\/4"}],"replies":[{"embeddable":true,"href":"https:\/\/fram.is\/is\/wp-json\/wp\/v2\/comments?post=21789"}],"version-history":[{"count":0,"href":"https:\/\/fram.is\/is\/wp-json\/wp\/v2\/posts\/21789\/revisions"}],"wp:featuredmedia":[{"embeddable":true,"href":"https:\/\/fram.is\/is\/wp-json\/wp\/v2\/media\/11115"}],"wp:attachment":[{"href":"https:\/\/fram.is\/is\/wp-json\/wp\/v2\/media?parent=21789"}],"wp:term":[{"taxonomy":"category","embeddable":true,"href":"https:\/\/fram.is\/is\/wp-json\/wp\/v2\/categories?post=21789"},{"taxonomy":"post_tag","embeddable":true,"href":"https:\/\/fram.is\/is\/wp-json\/wp\/v2\/tags?post=21789"}],"curies":[{"name":"wp","href":"https:\/\/api.w.org\/{rel}","templated":true}]}}