{"id":21794,"date":"2019-12-13T11:27:41","date_gmt":"2019-12-13T11:27:41","guid":{"rendered":"http:\/\/fram.is\/?p=21794"},"modified":"2019-12-13T11:27:41","modified_gmt":"2019-12-13T11:27:41","slug":"fimm-fra-fram-i-afrekshopi-islands-i-handbolta","status":"publish","type":"post","link":"https:\/\/fram.is\/is\/2019\/12\/13\/fimm-fra-fram-i-afrekshopi-islands-i-handbolta\/","title":{"rendered":"Fimm fr\u00e1 FRAM \u00ed afreksh\u00f3pi \u00cdslands \u00ed handbolta"},"content":{"rendered":"<div class=\"wp-block-image\"><figure class=\"alignright is-resized\"><img fetchpriority=\"high\" decoding=\"async\" src=\"http:\/\/fram.is\/wp-content\/uploads\/2019\/11\/Ragnhei\u00f0ur-J\u00fal\u00edusd\u00f3ttir-1.jpg\" alt=\"\" class=\"wp-image-21660\" width=\"300\" height=\"300\"\/><\/figure><\/div><div class=\"wp-block-image\"><figure class=\"alignright is-resized\"><img decoding=\"async\" src=\"http:\/\/fram.is\/wp-content\/uploads\/2019\/10\/Kristr\u00fan-Stein\u00fe\u00f3rsd\u00f3ttir.jpg\" alt=\"\" class=\"wp-image-21485\" width=\"300\" height=\"300\"\/><\/figure><\/div><div class=\"wp-block-image\"><figure class=\"alignright is-resized\"><img decoding=\"async\" src=\"http:\/\/fram.is\/wp-content\/uploads\/2019\/10\/Lena-Margr\u00e9t-Valdimarsd\u00f3ttir.jpg\" alt=\"\" class=\"wp-image-21486\" width=\"302\" height=\"302\"\/><\/figure><\/div><div class=\"wp-block-image\"><figure class=\"alignright is-resized\"><img loading=\"lazy\" decoding=\"async\" src=\"http:\/\/fram.is\/wp-content\/uploads\/2019\/10\/Perla-Ruth-Albertsd\u00f3ttir.jpg\" alt=\"\" class=\"wp-image-21487\" width=\"307\" height=\"307\"\/><\/figure><\/div><div class=\"wp-block-image\"><figure class=\"alignright is-resized\"><img loading=\"lazy\" decoding=\"async\" src=\"http:\/\/fram.is\/wp-content\/uploads\/2019\/10\/184527e8-dd03-490b-9b4b-0fe174514810.jpg\" alt=\"\" class=\"wp-image-21467\" width=\"301\" height=\"301\"\/><\/figure><\/div><p>Arnar P\u00e9tursson\n\u00fej\u00e1lfari \u00edslenska kvennalandsli\u00f0sins \u00ed handbolta hefur bo\u00f0a\u00f0 18 leikmenn til\n\u00e6finga \u00ed n\u00e6stu viku \u00ed afreksh\u00f3p HS\u00cd.<\/p><p>Afreksh\u00f3purinn samanstendur af \u00feeim leikm\u00f6nnum sem spila\n\u00e1 \u00cdslandi og mun h\u00f3purinn \u00e6fa saman \u00ed n\u00e6stu viku.<\/p><p>Hl\u00e9 hefur veri\u00f0 gert \u00ed b\u00e6\u00f0i Ol\u00eds-deildinni og Grill\n66-deildinni fram \u00e1 n\u00e6sta \u00e1r en h\u00f3purinn mun koma saman og \u00e6fa \u00ed\nlandsleikjafr\u00edinu.<\/p><p>Vi\u00f0 FRAMarar erum stoltir af \u00fev\u00ed\na\u00f0 eiga fimm fulltr\u00faa \u00ed \u00feessum afreksh\u00f3pi \u00cdslands en \u00fe\u00e6r sem voru valdar fr\u00e1\nFRAM a\u00f0 \u00feessu sinni eru: <\/p><p>Katr\u00edn \u00d3sk Magn\u00fasd\u00f3ttir\u00a0\u00a0\u00a0\u00a0\u00a0\u00a0\u00a0\u00a0\u00a0\u00a0\u00a0 FRAM<br> Ragnhei\u00f0ur J\u00fal\u00edusd\u00f3ttir \u00a0\u00a0\u00a0\u00a0\u00a0\u00a0\u00a0\u00a0\u00a0\u00a0\u00a0\u00a0\u00a0 FRAM<br> Kristr\u00fan Stein\u00fe\u00f3rsd\u00f3ttir \u00a0\u00a0\u00a0\u00a0\u00a0\u00a0\u00a0\u00a0\u00a0\u00a0\u00a0\u00a0 FRAM<br> Lena Margr\u00e9t Valdimarsd\u00f3ttir    FRAM<br> Perla Ruth Albertsd\u00f3ttir \u00a0\u00a0\u00a0\u00a0\u00a0\u00a0\u00a0\u00a0\u00a0\u00a0\u00a0\u00a0 FRAM<\/p><p>Gangi ykkur vel. \n\n\u00c1FRAM FRAM \n\n\n\n<\/p>","protected":false},"excerpt":{"rendered":"<p>Arnar P\u00e9tursson \u00fej\u00e1lfari \u00edslenska kvennalandsli\u00f0sins \u00ed handbolta hefur bo\u00f0a\u00f0 18 leikmenn til \u00e6finga \u00ed n\u00e6stu viku \u00ed afreksh\u00f3p HS\u00cd. Afreksh\u00f3purinn samanstendur af \u00feeim leikm\u00f6nnum sem spila \u00e1 \u00cdslandi og mun [&hellip;]<\/p>","protected":false},"author":4,"featured_media":20358,"comment_status":"open","ping_status":"open","sticky":false,"template":"","format":"standard","meta":{"_monsterinsights_skip_tracking":false,"_monsterinsights_sitenote_active":false,"_monsterinsights_sitenote_note":"","_monsterinsights_sitenote_category":0,"_jetpack_memberships_contains_paid_content":false,"footnotes":""},"categories":[6,15],"tags":[],"class_list":["post-21794","post","type-post","status-publish","format-standard","has-post-thumbnail","hentry","category-handbolti","category-mfl-kvenna"],"jetpack_sharing_enabled":true,"jetpack_featured_media_url":"https:\/\/fram.is\/wp-content\/uploads\/2019\/04\/Ragnhei\u00f0ur-gegn-ibv-urslit-vefur.jpg","_links":{"self":[{"href":"https:\/\/fram.is\/is\/wp-json\/wp\/v2\/posts\/21794","targetHints":{"allow":["GET"]}}],"collection":[{"href":"https:\/\/fram.is\/is\/wp-json\/wp\/v2\/posts"}],"about":[{"href":"https:\/\/fram.is\/is\/wp-json\/wp\/v2\/types\/post"}],"author":[{"embeddable":true,"href":"https:\/\/fram.is\/is\/wp-json\/wp\/v2\/users\/4"}],"replies":[{"embeddable":true,"href":"https:\/\/fram.is\/is\/wp-json\/wp\/v2\/comments?post=21794"}],"version-history":[{"count":0,"href":"https:\/\/fram.is\/is\/wp-json\/wp\/v2\/posts\/21794\/revisions"}],"wp:featuredmedia":[{"embeddable":true,"href":"https:\/\/fram.is\/is\/wp-json\/wp\/v2\/media\/20358"}],"wp:attachment":[{"href":"https:\/\/fram.is\/is\/wp-json\/wp\/v2\/media?parent=21794"}],"wp:term":[{"taxonomy":"category","embeddable":true,"href":"https:\/\/fram.is\/is\/wp-json\/wp\/v2\/categories?post=21794"},{"taxonomy":"post_tag","embeddable":true,"href":"https:\/\/fram.is\/is\/wp-json\/wp\/v2\/tags?post=21794"}],"curies":[{"name":"wp","href":"https:\/\/api.w.org\/{rel}","templated":true}]}}