{"id":21796,"date":"2019-12-13T16:08:54","date_gmt":"2019-12-13T16:08:54","guid":{"rendered":"http:\/\/fram.is\/?p=21796"},"modified":"2019-12-13T16:08:54","modified_gmt":"2019-12-13T16:08:54","slug":"sjo-fra-fram-i-haefileikamotun-n1-og-ksi","status":"publish","type":"post","link":"https:\/\/fram.is\/is\/2019\/12\/13\/sjo-fra-fram-i-haefileikamotun-n1-og-ksi\/","title":{"rendered":"Sj\u00f6 fr\u00e1 FRAM \u00ed H\u00e6fileikam\u00f3tun N1 og KS\u00cd"},"content":{"rendered":"<div class=\"wp-block-image\"><figure class=\"alignright is-resized\"><img fetchpriority=\"high\" decoding=\"async\" src=\"http:\/\/fram.is\/wp-content\/uploads\/2019\/04\/FRAM-1-N1-2017-g\u00f3\u00f0-1024x890.jpg\" alt=\"\" class=\"wp-image-20377\" width=\"301\" height=\"261\"\/><\/figure><\/div><p>KS\u00cd hefur vali\u00f0 h\u00f3p drengja til a\u00f0 taka \u00fe\u00e1tt \u00ed\nH\u00e6fileikam\u00f3tun N1 og KS\u00cd \u00ed Reykjav\u00edk. \u00c6fingarnar fara fram \u00ed Egilsh\u00f6ll\nsunnudaginn 5.jan\u00faar 2020 undir stj\u00f3rn L\u00fa\u00f0v\u00edks Gunnarssonar landsli\u00f0s\u00fej\u00e1lfara\n\u00cdslands U15.<\/p><p>Vi\u00f0 FRAMarar eru s\u00e9rlega stoltir af \u00fev\u00ed a\u00f0 eiga sj\u00f6 leikmenn\n\u00ed \u00feessu \u00fartaksh\u00f3pi en \u00feeir sem valdir voru fr\u00e1 FRAM a\u00f0 \u00feessu sinni eru: <\/p><p>Alexander M\u00e1ni Bj\u00f6rg\u00f3lfsson\u00a0\u00a0\u00a0\u00a0\u00a0\u00a0\u00a0\u00a0\u00a0\u00a0\u00a0\u00a0\u00a0\u00a0\u00a0\u00a0\u00a0\u00a0\u00a0\u00a0\u00a0 FRAM<br> Breki Baldursson\u00a0\u00a0\u00a0\u00a0\u00a0\u00a0\u00a0\u00a0\u00a0\u00a0\u00a0\u00a0\u00a0\u00a0\u00a0\u00a0\u00a0\u00a0\u00a0\u00a0\u00a0\u00a0\u00a0\u00a0\u00a0\u00a0\u00a0\u00a0\u00a0\u00a0\u00a0\u00a0\u00a0\u00a0\u00a0\u00a0\u00a0\u00a0\u00a0\u00a0\u00a0\u00a0\u00a0\u00a0\u00a0 FRAM<br> Da\u00f0i Berg J\u00f3nsson\u00a0\u00a0\u00a0\u00a0\u00a0\u00a0\u00a0\u00a0\u00a0\u00a0\u00a0\u00a0\u00a0\u00a0\u00a0\u00a0\u00a0\u00a0\u00a0\u00a0\u00a0\u00a0\u00a0\u00a0\u00a0\u00a0\u00a0\u00a0\u00a0\u00a0\u00a0\u00a0\u00a0\u00a0\u00a0\u00a0\u00a0\u00a0\u00a0\u00a0\u00a0\u00a0 FRAM<br> Hei\u00f0ar Dav\u00ed\u00f0 Wathne\u00a0\u00a0\u00a0\u00a0\u00a0\u00a0\u00a0\u00a0\u00a0\u00a0\u00a0\u00a0\u00a0\u00a0\u00a0\u00a0\u00a0\u00a0\u00a0\u00a0\u00a0\u00a0\u00a0\u00a0\u00a0\u00a0\u00a0\u00a0\u00a0\u00a0\u00a0\u00a0\u00a0\u00a0\u00a0\u00a0 FRAM<br> \u00cdvar Bj\u00f6rgvinsson\u00a0\u00a0\u00a0\u00a0\u00a0\u00a0\u00a0\u00a0\u00a0\u00a0\u00a0\u00a0\u00a0\u00a0\u00a0\u00a0\u00a0\u00a0\u00a0\u00a0\u00a0\u00a0\u00a0\u00a0\u00a0\u00a0\u00a0\u00a0\u00a0\u00a0\u00a0\u00a0\u00a0\u00a0\u00a0\u00a0\u00a0\u00a0\u00a0\u00a0\u00a0\u00a0\u00a0\u00a0 FRAM <br> \u00deorri Stef\u00e1n \u00deorbj\u00f6rnsson\u00a0\u00a0\u00a0\u00a0\u00a0\u00a0\u00a0\u00a0\u00a0\u00a0\u00a0\u00a0\u00a0\u00a0\u00a0\u00a0\u00a0\u00a0\u00a0\u00a0\u00a0\u00a0\u00a0\u00a0\u00a0\u00a0\u00a0 FRAM<br> \u00deorsteinn \u00d6rn Kjartansson\u00a0\u00a0\u00a0\u00a0\u00a0\u00a0\u00a0\u00a0\u00a0\u00a0\u00a0\u00a0\u00a0\u00a0\u00a0\u00a0\u00a0\u00a0\u00a0\u00a0\u00a0\u00a0\u00a0\u00a0\u00a0\u00a0 FRAM<\/p><p>Gangi ykkur vel.\n\n\u00c1FRAM FRAM \n\n\n\n<\/p>","protected":false},"excerpt":{"rendered":"<p>KS\u00cd hefur vali\u00f0 h\u00f3p drengja til a\u00f0 taka \u00fe\u00e1tt \u00ed H\u00e6fileikam\u00f3tun N1 og KS\u00cd \u00ed Reykjav\u00edk. \u00c6fingarnar fara fram \u00ed Egilsh\u00f6ll sunnudaginn 5.jan\u00faar 2020 undir stj\u00f3rn L\u00fa\u00f0v\u00edks Gunnarssonar landsli\u00f0s\u00fej\u00e1lfara \u00cdslands [&hellip;]<\/p>","protected":false},"author":4,"featured_media":20378,"comment_status":"open","ping_status":"open","sticky":false,"template":"","format":"standard","meta":{"_monsterinsights_skip_tracking":false,"_monsterinsights_sitenote_active":false,"_monsterinsights_sitenote_note":"","_monsterinsights_sitenote_category":0,"_jetpack_memberships_contains_paid_content":false,"footnotes":""},"categories":[9,13],"tags":[],"class_list":["post-21796","post","type-post","status-publish","format-standard","has-post-thumbnail","hentry","category-fotbolti","category-yngriflokkar"],"jetpack_sharing_enabled":true,"jetpack_featured_media_url":"https:\/\/fram.is\/wp-content\/uploads\/2019\/04\/FRAM-1-N1-2017-g\u00f3\u00f0-vefur-scaled.jpg","_links":{"self":[{"href":"https:\/\/fram.is\/is\/wp-json\/wp\/v2\/posts\/21796","targetHints":{"allow":["GET"]}}],"collection":[{"href":"https:\/\/fram.is\/is\/wp-json\/wp\/v2\/posts"}],"about":[{"href":"https:\/\/fram.is\/is\/wp-json\/wp\/v2\/types\/post"}],"author":[{"embeddable":true,"href":"https:\/\/fram.is\/is\/wp-json\/wp\/v2\/users\/4"}],"replies":[{"embeddable":true,"href":"https:\/\/fram.is\/is\/wp-json\/wp\/v2\/comments?post=21796"}],"version-history":[{"count":0,"href":"https:\/\/fram.is\/is\/wp-json\/wp\/v2\/posts\/21796\/revisions"}],"wp:featuredmedia":[{"embeddable":true,"href":"https:\/\/fram.is\/is\/wp-json\/wp\/v2\/media\/20378"}],"wp:attachment":[{"href":"https:\/\/fram.is\/is\/wp-json\/wp\/v2\/media?parent=21796"}],"wp:term":[{"taxonomy":"category","embeddable":true,"href":"https:\/\/fram.is\/is\/wp-json\/wp\/v2\/categories?post=21796"},{"taxonomy":"post_tag","embeddable":true,"href":"https:\/\/fram.is\/is\/wp-json\/wp\/v2\/tags?post=21796"}],"curies":[{"name":"wp","href":"https:\/\/api.w.org\/{rel}","templated":true}]}}