{"id":21803,"date":"2019-12-16T09:56:42","date_gmt":"2019-12-16T09:56:42","guid":{"rendered":"http:\/\/fram.is\/?p=21803"},"modified":"2019-12-16T09:56:42","modified_gmt":"2019-12-16T09:56:42","slug":"dadey-asta-valinn-i-aefingahop-islands-u18-2","status":"publish","type":"post","link":"https:\/\/fram.is\/is\/2019\/12\/16\/dadey-asta-valinn-i-aefingahop-islands-u18-2\/","title":{"rendered":"Da\u00f0ey \u00c1sta valinn \u00ed \u00e6fingah\u00f3p \u00cdslands U18"},"content":{"rendered":"<div class=\"wp-block-image\"><figure class=\"alignright is-resized\"><img fetchpriority=\"high\" decoding=\"async\" src=\"http:\/\/fram.is\/wp-content\/uploads\/2018\/12\/Da\u00f0ey-\u00c1sta.jpg\" alt=\"\" class=\"wp-image-19731\" width=\"321\" height=\"321\"\/><\/figure><\/div><p>Magn\u00fas Stef\u00e1nsson landsli\u00f0s\u00fej\u00e1lfari \u00cdslands U18 hefur vali\u00f0\nh\u00f3p til \u00e6finga 2. \u2013 5. jan\u00faar nk. <\/p><p>Li\u00f0i\u00f0 \u00e6fir einu sinni \u00e1 dag 2. &#8211; 5. jan\u00faar en auk \u00feess ver\u00f0a\nm\u00e6lingar \u00e1 vegum HR f\u00f6studaginn 3. jan\u00faar og Afreksma\u00f0ur framt\u00ed\u00f0arinnar,\nfyrirlestrar\u00f6\u00f0 HS\u00cd sem fer fram \u00ed H\u00e1sk\u00f3lanum \u00ed Reykjav\u00edk a\u00f0 morgni\nlaugardagsins 4. jan\u00faar. <\/p><p>Vi\u00f0 FRAMarar erum stoltir af \u00fev\u00ed a\u00f0 eiga einn fulltr\u00faa \u00ed\n\u00feessu \u00e6fingah\u00f3pi \u00cdslands en Da\u00f0ey \u00c1sta var valinn fr\u00e1 FRAM a\u00f0 \u00feessu sinni. <\/p><p>Da\u00f0ey \u00c1sta H\u00e1lfd\u00e1nsd\u00f3ttir&nbsp;&nbsp;&nbsp;&nbsp;&nbsp;&nbsp;&nbsp;&nbsp;&nbsp;&nbsp; FRAM\n<\/p><p>Gangi \u00fe\u00e9r vel Da\u00f0ey \u00c1sta <\/p><p>\u00c1FRAM FRAM <\/p>","protected":false},"excerpt":{"rendered":"<p>Magn\u00fas Stef\u00e1nsson landsli\u00f0s\u00fej\u00e1lfari \u00cdslands U18 hefur vali\u00f0 h\u00f3p til \u00e6finga 2. \u2013 5. jan\u00faar nk. Li\u00f0i\u00f0 \u00e6fir einu sinni \u00e1 dag 2. &#8211; 5. jan\u00faar en auk \u00feess ver\u00f0a m\u00e6lingar [&hellip;]<\/p>","protected":false},"author":4,"featured_media":19732,"comment_status":"open","ping_status":"open","sticky":false,"template":"","format":"standard","meta":{"_monsterinsights_skip_tracking":false,"_monsterinsights_sitenote_active":false,"_monsterinsights_sitenote_note":"","_monsterinsights_sitenote_category":0,"_jetpack_memberships_contains_paid_content":false,"footnotes":""},"categories":[7,6,15],"tags":[],"class_list":["post-21803","post","type-post","status-publish","format-standard","has-post-thumbnail","hentry","category-yngri-flokkar","category-handbolti","category-mfl-kvenna"],"jetpack_sharing_enabled":true,"jetpack_featured_media_url":"https:\/\/fram.is\/wp-content\/uploads\/2018\/12\/Da\u00f0ey-\u00c1sta-gegn-UMFA-vefur.jpg","_links":{"self":[{"href":"https:\/\/fram.is\/is\/wp-json\/wp\/v2\/posts\/21803","targetHints":{"allow":["GET"]}}],"collection":[{"href":"https:\/\/fram.is\/is\/wp-json\/wp\/v2\/posts"}],"about":[{"href":"https:\/\/fram.is\/is\/wp-json\/wp\/v2\/types\/post"}],"author":[{"embeddable":true,"href":"https:\/\/fram.is\/is\/wp-json\/wp\/v2\/users\/4"}],"replies":[{"embeddable":true,"href":"https:\/\/fram.is\/is\/wp-json\/wp\/v2\/comments?post=21803"}],"version-history":[{"count":0,"href":"https:\/\/fram.is\/is\/wp-json\/wp\/v2\/posts\/21803\/revisions"}],"wp:featuredmedia":[{"embeddable":true,"href":"https:\/\/fram.is\/is\/wp-json\/wp\/v2\/media\/19732"}],"wp:attachment":[{"href":"https:\/\/fram.is\/is\/wp-json\/wp\/v2\/media?parent=21803"}],"wp:term":[{"taxonomy":"category","embeddable":true,"href":"https:\/\/fram.is\/is\/wp-json\/wp\/v2\/categories?post=21803"},{"taxonomy":"post_tag","embeddable":true,"href":"https:\/\/fram.is\/is\/wp-json\/wp\/v2\/tags?post=21803"}],"curies":[{"name":"wp","href":"https:\/\/api.w.org\/{rel}","templated":true}]}}