{"id":21805,"date":"2019-12-17T09:12:01","date_gmt":"2019-12-17T09:12:01","guid":{"rendered":"http:\/\/fram.is\/?p=21805"},"modified":"2019-12-17T09:12:01","modified_gmt":"2019-12-17T09:12:01","slug":"fjorir-fra-fram-i-aefingahopi-islands-u16","status":"publish","type":"post","link":"https:\/\/fram.is\/is\/2019\/12\/17\/fjorir-fra-fram-i-aefingahopi-islands-u16\/","title":{"rendered":"Fj\u00f3rir fr\u00e1 FRAM \u00ed \u00e6fingah\u00f3pi \u00cdslands U16"},"content":{"rendered":"<div class=\"wp-block-image\"><figure class=\"alignright is-resized\"><img fetchpriority=\"high\" decoding=\"async\" src=\"http:\/\/fram.is\/wp-content\/uploads\/2019\/10\/4.-fl.-ka-\u00cdslandsmeistari-2019-I.jpg\" alt=\"\" class=\"wp-image-21443\" width=\"301\" height=\"401\"\/><\/figure><\/div><p>Halld\u00f3r J\u00f3hann Sigf\u00fasson og K\u00e1ri Gar\u00f0arsson landsli\u00f0s\u00fej\u00e1lfarar\n\u00cdslands U16 hafa vali\u00f0 h\u00f3p til \u00e6finga 2. \u2013 5. jan\u00faar nk. <\/p><p>Li\u00f0i\u00f0 \u00e6fir einu sinni \u00e1 dag 2. &#8211; 5. jan\u00faar en auk \u00feess ver\u00f0a\nm\u00e6lingar \u00e1 vegum HR f\u00f6studaginn 3. jan\u00faar og Afreksma\u00f0ur framt\u00ed\u00f0arinnar,\nfyrirlestrar\u00f6\u00f0 HS\u00cd sem fer fram \u00ed H\u00e1sk\u00f3lanum \u00ed Reykjav\u00edk a\u00f0 morgni\nlaugardagsins 4. jan\u00faar. <\/p><p>Vi\u00f0 FRAMarar erum stoltir af \u00fev\u00ed a\u00f0 eiga fj\u00f3ra fulltr\u00faa \u00ed\n\u00feessu \u00e6fingah\u00f3pi \u00cdslands en \u00feeir sem voru valdir fr\u00e1 FRAM a\u00f0 \u00feessu sinni eru:<\/p><p>Breki Hrafn \u00c1rnason&nbsp;&nbsp;&nbsp;&nbsp;&nbsp;&nbsp; FRAM <br>Rafn Valsson&nbsp;&nbsp;&nbsp;&nbsp;&nbsp;&nbsp;&nbsp;&nbsp;&nbsp;&nbsp;&nbsp;&nbsp;&nbsp;&nbsp;&nbsp;&nbsp;&nbsp;&nbsp;&nbsp;&nbsp;&nbsp; FRAM <br>Kjartan J\u00fal\u00edusson&nbsp;&nbsp;&nbsp;&nbsp;&nbsp;&nbsp;&nbsp;&nbsp;&nbsp;&nbsp;&nbsp;&nbsp;&nbsp; FRAM <br>Tindur Ing\u00f3lfsson&nbsp;&nbsp;&nbsp;&nbsp;&nbsp;&nbsp;&nbsp;&nbsp;&nbsp;&nbsp;&nbsp;&nbsp; FRAM <\/p><p>Gangi ykkur vel drengir <\/p><p>\u00c1FRAM FRAM <\/p>","protected":false},"excerpt":{"rendered":"<p>Halld\u00f3r J\u00f3hann Sigf\u00fasson og K\u00e1ri Gar\u00f0arsson landsli\u00f0s\u00fej\u00e1lfarar \u00cdslands U16 hafa vali\u00f0 h\u00f3p til \u00e6finga 2. \u2013 5. jan\u00faar nk. Li\u00f0i\u00f0 \u00e6fir einu sinni \u00e1 dag 2. &#8211; 5. jan\u00faar en [&hellip;]<\/p>","protected":false},"author":4,"featured_media":20563,"comment_status":"open","ping_status":"open","sticky":false,"template":"","format":"standard","meta":{"_monsterinsights_skip_tracking":false,"_monsterinsights_sitenote_active":false,"_monsterinsights_sitenote_note":"","_monsterinsights_sitenote_category":0,"_jetpack_memberships_contains_paid_content":false,"footnotes":""},"categories":[7,6],"tags":[],"class_list":["post-21805","post","type-post","status-publish","format-standard","has-post-thumbnail","hentry","category-yngri-flokkar","category-handbolti"],"jetpack_sharing_enabled":true,"jetpack_featured_media_url":"https:\/\/fram.is\/wp-content\/uploads\/2019\/05\/slandsmeistarar-g\u00f3\u00f0-HS\u00cd-vefur.jpg","_links":{"self":[{"href":"https:\/\/fram.is\/is\/wp-json\/wp\/v2\/posts\/21805","targetHints":{"allow":["GET"]}}],"collection":[{"href":"https:\/\/fram.is\/is\/wp-json\/wp\/v2\/posts"}],"about":[{"href":"https:\/\/fram.is\/is\/wp-json\/wp\/v2\/types\/post"}],"author":[{"embeddable":true,"href":"https:\/\/fram.is\/is\/wp-json\/wp\/v2\/users\/4"}],"replies":[{"embeddable":true,"href":"https:\/\/fram.is\/is\/wp-json\/wp\/v2\/comments?post=21805"}],"version-history":[{"count":0,"href":"https:\/\/fram.is\/is\/wp-json\/wp\/v2\/posts\/21805\/revisions"}],"wp:featuredmedia":[{"embeddable":true,"href":"https:\/\/fram.is\/is\/wp-json\/wp\/v2\/media\/20563"}],"wp:attachment":[{"href":"https:\/\/fram.is\/is\/wp-json\/wp\/v2\/media?parent=21805"}],"wp:term":[{"taxonomy":"category","embeddable":true,"href":"https:\/\/fram.is\/is\/wp-json\/wp\/v2\/categories?post=21805"},{"taxonomy":"post_tag","embeddable":true,"href":"https:\/\/fram.is\/is\/wp-json\/wp\/v2\/tags?post=21805"}],"curies":[{"name":"wp","href":"https:\/\/api.w.org\/{rel}","templated":true}]}}