{"id":22391,"date":"2020-04-30T15:25:06","date_gmt":"2020-04-30T15:25:06","guid":{"rendered":"http:\/\/fram.is\/?p=22391"},"modified":"2020-04-30T15:25:06","modified_gmt":"2020-04-30T15:25:06","slug":"robert-orn-karlsson-og-thorvaldur-tryggvason-til-fram","status":"publish","type":"post","link":"https:\/\/fram.is\/is\/2020\/04\/30\/robert-orn-karlsson-og-thorvaldur-tryggvason-til-fram\/","title":{"rendered":"R\u00f3bert \u00d6rn Karlsson og \u00deorvaldur Tryggvason til FRAM"},"content":{"rendered":"<div class=\"wp-block-image\"><figure class=\"alignright is-resized\"><img fetchpriority=\"high\" decoding=\"async\" src=\"http:\/\/fram.is\/wp-content\/uploads\/2020\/04\/R\u00f3bert-\u00d6rn-1024x890.jpg\" alt=\"\" class=\"wp-image-22393\" width=\"301\" height=\"261\"\/><figcaption>R\u00f3bert \u00d6rn<\/figcaption><\/figure><\/div><div class=\"wp-block-image\"><figure class=\"alignright is-resized\"><img decoding=\"async\" src=\"http:\/\/fram.is\/wp-content\/uploads\/2020\/04\/\u00deorvaldur-1024x890.jpg\" alt=\"\" class=\"wp-image-22392\" width=\"303\" height=\"262\"\/><figcaption>\u00deorvaldur Tryggvason<\/figcaption><\/figure><\/div><p>\u00dea\u00f0 er handknattleiksdeild Fram s\u00f6nn \u00e1n\u00e6gja a\u00f0 tilkynna a\u00f0 tveir ungir og efnilegir leikmenn hafa skrifa\u00f0 undir 2 \u00e1ra samninga vi\u00f0 Fram.  <\/p><p>R\u00f3bert \u00d6rn er h\u00e1vaxinn (202 cm) markma\u00f0ur sem kemur til okkar fr\u00e1 V\u00edkingi.  Hann er f\u00e6ddur \u00e1ri\u00f0 1998 en hann l\u00e9k 15 leiki me\u00f0 V\u00edkingi \u00ed Grill 66 deildinni \u00e1 s\u00ed\u00f0asta t\u00edmabili.  <\/p><p>\u00deorvaldur er einnig h\u00e1vaxinn (197 cm) l\u00ednuma\u00f0ur sem kemur til okkar fr\u00e1 Fj\u00f6lni. \u00deorvaldur er einnig f\u00e6ddur \u00e1ri\u00f0 1998 en hann l\u00e9k 19 leiki me\u00f0 Fj\u00f6lni \u00ed Ol\u00eds-deildinni s\u00ed\u00f0astli\u00f0inn vetur. <\/p><p>Vi\u00f0 \u00ed Fram erum gr\u00ed\u00f0arlega \u00e1n\u00e6g\u00f0 me\u00f0 a\u00f0 vera b\u00fain a\u00f0 tryggja okkur krafta \u00feessara tveggja ungu og efnilegu leikmanna.<\/p><p> Velkomnir \u00ed Fram str\u00e1kar!<\/p><p> \u00c1fram Fram!<\/p>","protected":false},"excerpt":{"rendered":"<p>\u00dea\u00f0 er handknattleiksdeild Fram s\u00f6nn \u00e1n\u00e6gja a\u00f0 tilkynna a\u00f0 tveir ungir og efnilegir leikmenn hafa skrifa\u00f0 undir 2 \u00e1ra samninga vi\u00f0 Fram. R\u00f3bert \u00d6rn er h\u00e1vaxinn (202 cm) markma\u00f0ur sem [&hellip;]<\/p>","protected":false},"author":4,"featured_media":22394,"comment_status":"open","ping_status":"open","sticky":false,"template":"","format":"standard","meta":{"_monsterinsights_skip_tracking":false,"_monsterinsights_sitenote_active":false,"_monsterinsights_sitenote_note":"","_monsterinsights_sitenote_category":0,"_jetpack_memberships_contains_paid_content":false,"footnotes":""},"categories":[6,19],"tags":[],"class_list":["post-22391","post","type-post","status-publish","format-standard","has-post-thumbnail","hentry","category-handbolti","category-mfl-karla"],"jetpack_sharing_enabled":true,"jetpack_featured_media_url":"https:\/\/fram.is\/wp-content\/uploads\/2020\/04\/orvaldur-vefur-scaled.jpg","_links":{"self":[{"href":"https:\/\/fram.is\/is\/wp-json\/wp\/v2\/posts\/22391","targetHints":{"allow":["GET"]}}],"collection":[{"href":"https:\/\/fram.is\/is\/wp-json\/wp\/v2\/posts"}],"about":[{"href":"https:\/\/fram.is\/is\/wp-json\/wp\/v2\/types\/post"}],"author":[{"embeddable":true,"href":"https:\/\/fram.is\/is\/wp-json\/wp\/v2\/users\/4"}],"replies":[{"embeddable":true,"href":"https:\/\/fram.is\/is\/wp-json\/wp\/v2\/comments?post=22391"}],"version-history":[{"count":0,"href":"https:\/\/fram.is\/is\/wp-json\/wp\/v2\/posts\/22391\/revisions"}],"wp:featuredmedia":[{"embeddable":true,"href":"https:\/\/fram.is\/is\/wp-json\/wp\/v2\/media\/22394"}],"wp:attachment":[{"href":"https:\/\/fram.is\/is\/wp-json\/wp\/v2\/media?parent=22391"}],"wp:term":[{"taxonomy":"category","embeddable":true,"href":"https:\/\/fram.is\/is\/wp-json\/wp\/v2\/categories?post=22391"},{"taxonomy":"post_tag","embeddable":true,"href":"https:\/\/fram.is\/is\/wp-json\/wp\/v2\/tags?post=22391"}],"curies":[{"name":"wp","href":"https:\/\/api.w.org\/{rel}","templated":true}]}}