{"id":22407,"date":"2020-05-07T15:22:08","date_gmt":"2020-05-07T15:22:08","guid":{"rendered":"http:\/\/fram.is\/?p=22407"},"modified":"2020-05-07T15:22:08","modified_gmt":"2020-05-07T15:22:08","slug":"atta-fra-fram-valinn-i-haefileikamotun-hsi","status":"publish","type":"post","link":"https:\/\/fram.is\/is\/2020\/05\/07\/atta-fra-fram-valinn-i-haefileikamotun-hsi\/","title":{"rendered":"\u00c1tta fr\u00e1 FRAM valinn \u00ed H\u00e6fileikam\u00f3tun HS\u00cd"},"content":{"rendered":"<div class=\"wp-block-image\"><figure class=\"alignright is-resized\"><img fetchpriority=\"high\" decoding=\"async\" src=\"http:\/\/fram.is\/wp-content\/uploads\/2020\/02\/\u00deorsteinn-\u00d6rn-g\u00f3\u00f0-1024x891.jpg\" alt=\"\" class=\"wp-image-22075\" width=\"299\" height=\"260\"\/><\/figure><\/div><div class=\"wp-block-image\"><figure class=\"alignright is-resized\"><img decoding=\"async\" src=\"http:\/\/nytt.fram.is\/wp-content\/uploads\/2020\/02\/5.-fl.-kv.-Meistari-feb.-2020.jpg\" alt=\"\" class=\"wp-image-22076\" width=\"299\" height=\"225\"\/><\/figure><\/div><p>Valinn hefur veri\u00f0 \u00e6fingah\u00f3pur HS\u00cd sem tekur \u00fe\u00e1tt \u00ed H\u00e6fileikam\u00f3tun HS\u00cd og Bl\u00e1a l\u00f3nsins sem fer fram helgina 16. &#8211; 17. ma\u00ed.<br><br>\u00dear \u00e6fa str\u00e1kar og stelpur f\u00e6dd 2006 undir stj\u00f3rn Halld\u00f3rs J\u00f3hanns Sigf\u00fassonar og Rakelar Bragad\u00f3ttur en \u00fear f\u00e1 leikmenn smj\u00f6r\u00feefinn af \u00fev\u00ed hvernig yngri landsli\u00f0 HS\u00cd \u00e6fa hverju sinni.<\/p><p>Vi\u00f0 FRAMarar erum stoltir af \u00fev\u00ed a\u00f0 eiga 8 leikmenn \u00ed \u00feessu<br> \u00e6fingah\u00f3pi en \u00feau sem voru valin fr\u00e1 FRAM a\u00f0 \u00feessu sinni eru:<\/p><p><\/p><p>\u00deorsteinn \u00d6rn Kjartansson\u00a0\u00a0\u00a0\u00a0\u00a0\u00a0\u00a0\u00a0\u00a0\u00a0\u00a0\u00a0\u00a0\u00a0\u00a0\u00a0\u00a0\u00a0\u00a0\u00a0\u00a0\u00a0\u00a0\u00a0\u00a0\u00a0  FRAM<br>Bergd\u00eds Sveinsd\u00f3ttir\u00a0\u00a0\u00a0\u00a0\u00a0\u00a0\u00a0\u00a0\u00a0\u00a0\u00a0\u00a0\u00a0\u00a0\u00a0\u00a0\u00a0\u00a0\u00a0\u00a0\u00a0\u00a0\u00a0\u00a0\u00a0\u00a0\u00a0\u00a0\u00a0\u00a0\u00a0\u00a0\u00a0\u00a0\u00a0\u00a0\u00a0\u00a0\u00a0FRAM<br>Dagmar Gu\u00f0r\u00fan P\u00e1lsd\u00f3ttir\u00a0\u00a0\u00a0\u00a0\u00a0\u00a0\u00a0\u00a0\u00a0\u00a0\u00a0\u00a0\u00a0\u00a0\u00a0\u00a0\u00a0\u00a0\u00a0\u00a0\u00a0\u00a0\u00a0\u00a0\u00a0\u00a0\u00a0 FRAM<br>Embla Gu\u00f0n\u00fd J\u00f3nsd\u00f3ttir\u00a0\u00a0\u00a0\u00a0\u00a0\u00a0\u00a0\u00a0\u00a0\u00a0\u00a0\u00a0\u00a0\u00a0\u00a0\u00a0\u00a0\u00a0\u00a0\u00a0\u00a0\u00a0\u00a0\u00a0\u00a0\u00a0\u00a0\u00a0\u00a0\u00a0\u00a0 FRAM<br>Ingibj\u00f6rg Eva Baldvinsd\u00f3ttir\u00a0\u00a0\u00a0\u00a0\u00a0\u00a0\u00a0\u00a0\u00a0\u00a0\u00a0\u00a0\u00a0\u00a0\u00a0\u00a0\u00a0\u00a0\u00a0\u00a0\u00a0\u00a0\u00a0\u00a0 FRAM<br>Ingunn Mar\u00eda Brynjarsd\u00f3ttir\u00a0\u00a0\u00a0\u00a0\u00a0\u00a0\u00a0\u00a0\u00a0\u00a0\u00a0\u00a0\u00a0\u00a0\u00a0\u00a0\u00a0\u00a0\u00a0\u00a0\u00a0\u00a0\u00a0 FRAM<br>Jana Krist\u00edn Leifsd\u00f3ttir\u00a0\u00a0\u00a0\u00a0\u00a0\u00a0\u00a0\u00a0\u00a0\u00a0\u00a0\u00a0\u00a0\u00a0\u00a0\u00a0\u00a0\u00a0\u00a0\u00a0\u00a0\u00a0\u00a0\u00a0\u00a0\u00a0\u00a0\u00a0\u00a0\u00a0\u00a0\u00a0\u00a0\u00a0\u00a0 FRAM<br>Sara R\u00fan G\u00edslad\u00f3ttir\u00a0\u00a0\u00a0\u00a0\u00a0\u00a0\u00a0\u00a0\u00a0\u00a0\u00a0\u00a0\u00a0\u00a0\u00a0\u00a0\u00a0\u00a0\u00a0\u00a0\u00a0\u00a0\u00a0\u00a0\u00a0\u00a0\u00a0\u00a0\u00a0\u00a0\u00a0\u00a0\u00a0\u00a0\u00a0\u00a0\u00a0\u00a0\u00a0 FRAM<\/p><p>Gangi ykkur vel.  \u00c1FRAM FRAM <\/p>","protected":false},"excerpt":{"rendered":"<p>Valinn hefur veri\u00f0 \u00e6fingah\u00f3pur HS\u00cd sem tekur \u00fe\u00e1tt \u00ed H\u00e6fileikam\u00f3tun HS\u00cd og Bl\u00e1a l\u00f3nsins sem fer fram helgina 16. &#8211; 17. ma\u00ed. \u00dear \u00e6fa str\u00e1kar og stelpur f\u00e6dd 2006 undir [&hellip;]<\/p>","protected":false},"author":4,"featured_media":22074,"comment_status":"open","ping_status":"open","sticky":false,"template":"","format":"standard","meta":{"_monsterinsights_skip_tracking":false,"_monsterinsights_sitenote_active":false,"_monsterinsights_sitenote_note":"","_monsterinsights_sitenote_category":0,"_jetpack_memberships_contains_paid_content":false,"footnotes":""},"categories":[7,6],"tags":[],"class_list":["post-22407","post","type-post","status-publish","format-standard","has-post-thumbnail","hentry","category-yngri-flokkar","category-handbolti"],"jetpack_sharing_enabled":true,"jetpack_featured_media_url":"https:\/\/fram.is\/wp-content\/uploads\/2020\/02\/5.-fl.-kv.jpg","_links":{"self":[{"href":"https:\/\/fram.is\/is\/wp-json\/wp\/v2\/posts\/22407","targetHints":{"allow":["GET"]}}],"collection":[{"href":"https:\/\/fram.is\/is\/wp-json\/wp\/v2\/posts"}],"about":[{"href":"https:\/\/fram.is\/is\/wp-json\/wp\/v2\/types\/post"}],"author":[{"embeddable":true,"href":"https:\/\/fram.is\/is\/wp-json\/wp\/v2\/users\/4"}],"replies":[{"embeddable":true,"href":"https:\/\/fram.is\/is\/wp-json\/wp\/v2\/comments?post=22407"}],"version-history":[{"count":0,"href":"https:\/\/fram.is\/is\/wp-json\/wp\/v2\/posts\/22407\/revisions"}],"wp:featuredmedia":[{"embeddable":true,"href":"https:\/\/fram.is\/is\/wp-json\/wp\/v2\/media\/22074"}],"wp:attachment":[{"href":"https:\/\/fram.is\/is\/wp-json\/wp\/v2\/media?parent=22407"}],"wp:term":[{"taxonomy":"category","embeddable":true,"href":"https:\/\/fram.is\/is\/wp-json\/wp\/v2\/categories?post=22407"},{"taxonomy":"post_tag","embeddable":true,"href":"https:\/\/fram.is\/is\/wp-json\/wp\/v2\/tags?post=22407"}],"curies":[{"name":"wp","href":"https:\/\/api.w.org\/{rel}","templated":true}]}}