{"id":2245,"date":"2013-03-01T23:55:08","date_gmt":"2013-03-01T23:55:08","guid":{"rendered":"http:\/\/fram.is\/?p=2245"},"modified":"2013-03-01T23:55:08","modified_gmt":"2013-03-01T23:55:08","slug":"kristjan-hauksson-yfirgefur-herbudir-fram","status":"publish","type":"post","link":"https:\/\/fram.is\/is\/2013\/03\/01\/kristjan-hauksson-yfirgefur-herbudir-fram\/","title":{"rendered":"Kristj\u00e1n Hauksson yfirgefur herb\u00fa\u00f0ir FRAM"},"content":{"rendered":"<figure id=\"attachment_2246\" aria-describedby=\"caption-attachment-2246\" style=\"width: 300px\" class=\"wp-caption alignright\"><a href=\"http:\/\/fram.is\/wp-content\/uploads\/2013\/03\/KH.jpg\"><img fetchpriority=\"high\" decoding=\"async\" class=\"size-medium wp-image-2246\" alt=\"Mynd: F\u00f3tbolti.net\" src=\"http:\/\/fram.is\/wp-content\/uploads\/2013\/03\/KH-300x221.jpg\" width=\"300\" height=\"221\" srcset=\"https:\/\/fram.is\/wp-content\/uploads\/2013\/03\/KH-300x221.jpg 300w, https:\/\/fram.is\/wp-content\/uploads\/2013\/03\/KH.jpg 388w\" sizes=\"(max-width: 300px) 100vw, 300px\" \/><\/a><figcaption id=\"caption-attachment-2246\" class=\"wp-caption-text\">Mynd: F\u00f3tbolti.net<\/figcaption><\/figure>\n<p>Stj\u00f3rn knattspyrnudeildar FRAM og varnarma\u00f0urinn Kristj\u00e1n Hauksson, sem \u00e1 s\u00ed\u00f0ustu leikt\u00ed\u00f0 bar fyrirli\u00f0abandi\u00f0 hj\u00e1 karlali\u00f0i f\u00e9lagsins, komust \u00ed dag a\u00f0 samkomulagi um starfslok leikmannsins.\u00a0 Kristj\u00e1n hefur \u00fev\u00ed yfirgefi\u00f0 herb\u00fa\u00f0ir FRAM.<\/p>\n<p>Kristj\u00e1n, sem er 27 \u00e1ra, hefur leiki\u00f0 me\u00f0 FRAM allan sinn feril, ef undan er skili\u00f0 sumari\u00f0 2008, en \u00fe\u00e1 l\u00e9k hann me\u00f0 Fj\u00f6lni.\u00a0 Kristj\u00e1n \u00e1 samtals a\u00f0 baki 165 leiki \u00ed deild og bikar, 139 \u00feeirra me\u00f0 FRAM, og hefur skora\u00f0 4 m\u00f6rk.<\/p>\n<p>Stj\u00f3rn knattspyrnudeildar FRAM \u00feakkar Kristj\u00e1ni \u00f3eigingjarnt framlag hans til f\u00e9lagsins, \u00feakkar honum samstarfi\u00f0 og \u00f3skar honum alls hins besta \u00ed framt\u00ed\u00f0inni.<\/p>","protected":false},"excerpt":{"rendered":"<p>Stj\u00f3rn knattspyrnudeildar FRAM og varnarma\u00f0urinn Kristj\u00e1n Hauksson, sem \u00e1 s\u00ed\u00f0ustu leikt\u00ed\u00f0 bar fyrirli\u00f0abandi\u00f0 hj\u00e1 karlali\u00f0i f\u00e9lagsins, komust \u00ed dag a\u00f0 samkomulagi um starfslok leikmannsins.\u00a0 Kristj\u00e1n hefur \u00fev\u00ed yfirgefi\u00f0 herb\u00fa\u00f0ir FRAM. [&hellip;]<\/p>","protected":false},"author":3,"featured_media":2246,"comment_status":"open","ping_status":"open","sticky":false,"template":"","format":"standard","meta":{"_monsterinsights_skip_tracking":false,"_monsterinsights_sitenote_active":false,"_monsterinsights_sitenote_note":"","_monsterinsights_sitenote_category":0,"_jetpack_memberships_contains_paid_content":false,"footnotes":""},"categories":[11,9],"tags":[],"class_list":["post-2245","post","type-post","status-publish","format-standard","has-post-thumbnail","hentry","category-mflkarla","category-fotbolti"],"jetpack_sharing_enabled":true,"jetpack_featured_media_url":"https:\/\/fram.is\/wp-content\/uploads\/2013\/03\/KH.jpg","_links":{"self":[{"href":"https:\/\/fram.is\/is\/wp-json\/wp\/v2\/posts\/2245","targetHints":{"allow":["GET"]}}],"collection":[{"href":"https:\/\/fram.is\/is\/wp-json\/wp\/v2\/posts"}],"about":[{"href":"https:\/\/fram.is\/is\/wp-json\/wp\/v2\/types\/post"}],"author":[{"embeddable":true,"href":"https:\/\/fram.is\/is\/wp-json\/wp\/v2\/users\/3"}],"replies":[{"embeddable":true,"href":"https:\/\/fram.is\/is\/wp-json\/wp\/v2\/comments?post=2245"}],"version-history":[{"count":0,"href":"https:\/\/fram.is\/is\/wp-json\/wp\/v2\/posts\/2245\/revisions"}],"wp:featuredmedia":[{"embeddable":true,"href":"https:\/\/fram.is\/is\/wp-json\/wp\/v2\/media\/2246"}],"wp:attachment":[{"href":"https:\/\/fram.is\/is\/wp-json\/wp\/v2\/media?parent=2245"}],"wp:term":[{"taxonomy":"category","embeddable":true,"href":"https:\/\/fram.is\/is\/wp-json\/wp\/v2\/categories?post=2245"},{"taxonomy":"post_tag","embeddable":true,"href":"https:\/\/fram.is\/is\/wp-json\/wp\/v2\/tags?post=2245"}],"curies":[{"name":"wp","href":"https:\/\/api.w.org\/{rel}","templated":true}]}}